{"id":1303,"date":"2025-11-05T14:28:17","date_gmt":"2025-11-05T12:28:17","guid":{"rendered":"https:\/\/gruene-wiesbaden.de\/?p=1303"},"modified":"2026-04-05T16:52:21","modified_gmt":"2026-04-05T14:52:21","slug":"tag-des-offenen-heizungskellers-waermepumpen-auch-in-alten-mehrfamilienhaeusern-sinnvoll","status":"publish","type":"post","link":"https:\/\/gruene-wiesbaden.de\/cs\/tag-des-offenen-heizungskellers-waermepumpen-auch-in-alten-mehrfamilienhaeusern-sinnvoll\/","title":{"rendered":"Den otev\u0159en\u00fdch vyt\u00e1p\u011bc\u00edch sklep\u016f \u2013 tepeln\u00e1 \u010derpadla u\u017eite\u010dn\u00e1 i ve star\u00fdch rodinn\u00fdch domech"},"content":{"rendered":"<section class=\"l-section wpb_row height_medium\"><div class=\"l-section-h i-cf\"><div class=\"g-cols vc_row via_grid cols_1 laptops-cols_inherit tablets-cols_inherit mobiles-cols_1 valign_top type_default stacking_default\"><div class=\"wpb_column vc_column_container\"><div class=\"vc_column-inner\"><h3 class=\"w-post-elm post_title us_custom_ea76afbe entry-title color_link_inherit\">Den otev\u0159en\u00fdch vyt\u00e1p\u011bc\u00edch sklep\u016f \u2013 tepeln\u00e1 \u010derpadla u\u017eite\u010dn\u00e1 i ve star\u00fdch rodinn\u00fdch domech<\/h3><div class=\"w-post-elm post_image\"><img loading=\"lazy\" decoding=\"async\" width=\"600\" height=\"450\" src=\"https:\/\/gruene-wiesbaden.de\/wp-content\/uploads\/2025\/11\/he-gong-2VCtLsPEaWI-unsplash-600x450.jpg\" class=\"attachment-large size-large wp-post-image\" alt=\"\" srcset=\"https:\/\/gruene-wiesbaden.de\/wp-content\/uploads\/2025\/11\/he-gong-2VCtLsPEaWI-unsplash-600x450.jpg 600w, https:\/\/gruene-wiesbaden.de\/wp-content\/uploads\/2025\/11\/he-gong-2VCtLsPEaWI-unsplash-400x300.jpg 400w\" sizes=\"auto, (max-width: 600px) 100vw, 600px\" \/><\/div><div class=\"w-separator size_medium\"><\/div><div class=\"wpb_text_column\"><div class=\"wpb_wrapper\"><p><b>Wiesbaden\/Taunusstein, 05.11.2025. Mnoz\u00ed se ptaj\u00ed: Jak bych m\u011bl dostat sv\u016fj byt nebo d\u016fm do tepla, pokud z\u00e1kon o stavebn\u00ed energii ji\u017e neumo\u017e\u0148uje vyt\u00e1p\u011bn\u00ed ropou a plynem b\u011bhem n\u011bkolika let z d\u016fvod\u016f ochrany \u017eivotn\u00edho prost\u0159ed\u00ed.<span class=\"Apple-converted-space\">\u00a0<\/span><\/b><b><\/b><b>Na \"Den otev\u0159en\u00fdch topn\u00fdch sklep\u016f\" dne 15.11.2025 se mohou z\u00e1jemci pod\u00edvat na praktick\u00e1 \u0159e\u0161en\u00ed v mnoha m\u011bstech na m\u00edst\u011b a pr\u016fkopn\u00edci vyt\u00e1p\u011bn\u00ed se mohou st\u00e1le registrovat a prezentovat (<\/b><a href=\"https:\/\/localzero.net\/mit-machen\/offener-heizungskeller#besucher\" target=\"_blank\" rel=\"noopener\"><span><b>https:\/\/localzero.net\/mit-machen\/offener-heizungskeller#besucher<\/b><\/span><\/a><b>). Na to upozor\u0148uje pracovn\u00ed skupina Zelen\u00fdch Wiesbadenu pro energetiku a ochranu klimatu (<\/b><a href=\"https:\/\/gruene-wiesbaden.de\/cs\/mitmachen\/\" target=\"_blank\" rel=\"noopener\"><span><b>https:\/\/gruene-wiesbaden.de\/mitmachen\/<\/b><\/span><\/a><b>) po intern\u00ed v\u00fdm\u011bn\u011b zku\u0161enost\u00ed.<span class=\"Apple-converted-space\">\u00a0<\/span><\/b><b><\/b><\/p>\n<p>Tepeln\u00e1 \u010derpadla, na rozd\u00edl od toho, co se \u010dasto tvrd\u00ed, jsou \u010dasto \u017eivotaschopnou a ziskovou mo\u017enost\u00ed i ve star\u00fdch rodinn\u00fdch domech, podle AK. Stefan Klooth, \u010dlen pracovn\u00ed skupiny, to dokazuje v t\u00e9m\u011b\u0159 50let\u00e9m dom\u011b s osmi byty, ve kter\u00e9m \u017eije v Taunussteinu a kter\u00fd tak\u00e9 spravuje. \u201eByla to pr\u00e1ce, ale te\u010f v\u0161echno b\u011b\u017e\u00ed a v\u0161ichni jsou v teple,\u201c \u0159\u00edk\u00e1 Klooth. V \u0161esti<span class=\"Apple-converted-space\"> <\/span>Investice do elektr\u00e1rny budou amortizov\u00e1ny po dobu a\u017e dev\u00edti let. On tak\u00e9 prezentuje rostlinu na internetu<span class=\"Apple-converted-space\">\u00a0<\/span><span>(<\/span><a href=\"https:\/\/www.youtube.com\/watch?v=6QWnikNH1ss\" target=\"_blank\" rel=\"noopener\">https:\/\/www.youtube.com\/watch?v=6QWnikNH1ss<\/a><span>).\u00a0<\/span><\/p>\n<p>\"Jedn\u00e1 se o p\u0159\u00edkladn\u00e9 \u0159e\u0161en\u00ed,\" \u0159\u00edk\u00e1 Axel Bretzke, mluv\u010d\u00ed pracovn\u00ed skupiny a profesor aD pro vyu\u017eit\u00ed energie v nemovitostech. \"Bez vlastn\u00edch znalost\u00ed nebo indukce do t\u00e9matu je jako doprovod nepostradateln\u00fd dobr\u00fd energetick\u00fd poradce,\" pokra\u010duje Bretzke. Iniciativa otev\u0159en\u00fdch topn\u00fdch sklep\u016f je proto velmi u\u017eite\u010dn\u00e1 a douf\u00e1, \u017ee i prost\u0159ednictv\u00edm Pr\u016fmyslov\u00e9 a obchodn\u00ed komory (IHK) se pr\u016fkopn\u00edci vyt\u00e1p\u011bn\u00ed rozhodnou uk\u00e1zat sv\u00e9 inovativn\u00ed topn\u00e9 syst\u00e9my ve\u0159ejnosti dne 15.11.2025.<span class=\"Apple-converted-space\">\u00a0<\/span><\/p>\n<p>Kde bude k dispozici d\u00e1lkov\u00e9 vyt\u00e1p\u011bn\u00ed a kde se o nov\u00e9 vyt\u00e1p\u011bn\u00ed budou muset postarat sami vlastn\u00edci, z\u00e1vis\u00ed na pl\u00e1nov\u00e1n\u00ed vyt\u00e1p\u011bn\u00ed m\u011bsta nebo obce. V hlavn\u00edm m\u011bst\u011b st\u00e1tu Wiesbaden je vyv\u00edjen v Agentu\u0159e pro \u017eivotn\u00ed prost\u0159ed\u00ed pod veden\u00edm zelen\u00e9 \u0159editelky Christiane Hinningerov\u00e9. <span>(<\/span><a href=\"https:\/\/www.wiesbaden.de\/leben-in-wiesbaden\/umwelt-natur-klima\/klima-schutz\/\" target=\"_blank\" rel=\"noopener\">https:\/\/www.wiesbaden.de\/leben-in-wiesbaden\/umwelt-natur-klima\/klima-schutz\/<\/a><span>).<span class=\"Apple-converted-space\">\u00a0<\/span><\/span>Krom\u011b \u0159e\u0161en\u00ed d\u00e1lkov\u00e9ho a m\u00edstn\u00edho vyt\u00e1p\u011bn\u00ed je zde zd\u016frazn\u011bn obrovsk\u00fd potenci\u00e1l tepeln\u00fdch \u010derpadel ze vzduchu, povrchov\u00e9 vody, geoterm\u00e1ln\u00ed energie a odpadn\u00edho tepla.<span class=\"Apple-converted-space\">\u00a0<\/span><\/p>\n<\/div><\/div><\/div><\/div><\/div><\/div><\/section>","protected":false},"excerpt":{"rendered":"Den otev\u0159en\u00fdch topn\u00fdch sklep\u016f \u2013 tepeln\u00e1 \u010derpadla u\u017eite\u010dn\u00e1 i ve star\u00fdch rodinn\u00fdch domechWiesbaden\/Taunusstein, 05.11.2025. Mnoz\u00ed se ptaj\u00ed: Jak bych m\u011bl dostat sv\u016fj byt nebo d\u016fm do tepla, pokud z\u00e1kon o stavebn\u00ed energii ji\u017e neumo\u017e\u0148uje vyt\u00e1p\u011bn\u00ed ropou a plynem b\u011bhem n\u011bkolika let z d\u016fvod\u016f ochrany \u017eivotn\u00edho prost\u0159ed\u00ed.\u00a0Na \"Den otev\u0159en\u00fdch topn\u00fdch sklep\u016f\" dne 15.11.2025 mohou z\u00e1jemci naj\u00edt praktick\u00e1 \u0159e\u0161en\u00ed v mnoha m\u00edstn\u00edch m\u011bstech...","protected":false},"author":1,"featured_media":1306,"comment_status":"closed","ping_status":"closed","sticky":false,"template":"","format":"standard","meta":{"footnotes":""},"categories":[8,6],"tags":[],"class_list":["post-1303","post","type-post","status-publish","format-standard","has-post-thumbnail","hentry","category-allgemein","category-veranstaltungen"],"yoast_head":"<!-- This site is optimized with the Yoast SEO plugin v27.5 - https:\/\/yoast.com\/product\/yoast-seo-wordpress\/ -->\n<title>Tag des offenen Heizungskellers \u2013 W\u00e4rmepumpen auch in alten Mehrfamilienh\u00e4usern sinnvoll - B\u00dcNDNIS 90\/DIE GR\u00dcNEN Wiesbaden<\/title>\n<meta name=\"robots\" content=\"index, follow, max-snippet:-1, max-image-preview:large, max-video-preview:-1\" \/>\n<link rel=\"canonical\" href=\"https:\/\/gruene-wiesbaden.de\/cs\/tag-des-offenen-heizungskellers-waermepumpen-auch-in-alten-mehrfamilienhaeusern-sinnvoll\/\" \/>\n<meta property=\"og:locale\" content=\"cs_CZ\" \/>\n<meta property=\"og:type\" content=\"article\" \/>\n<meta property=\"og:title\" content=\"Tag des offenen Heizungskellers \u2013 W\u00e4rmepumpen auch in alten Mehrfamilienh\u00e4usern sinnvoll - B\u00dcNDNIS 90\/DIE GR\u00dcNEN Wiesbaden\" \/>\n<meta property=\"og:url\" content=\"https:\/\/gruene-wiesbaden.de\/cs\/tag-des-offenen-heizungskellers-waermepumpen-auch-in-alten-mehrfamilienhaeusern-sinnvoll\/\" \/>\n<meta property=\"og:site_name\" content=\"B\u00dcNDNIS 90\/DIE GR\u00dcNEN Wiesbaden\" \/>\n<meta property=\"article:publisher\" content=\"https:\/\/www.facebook.com\/gruene.wi\" \/>\n<meta property=\"article:published_time\" content=\"2025-11-05T12:28:17+00:00\" \/>\n<meta property=\"article:modified_time\" content=\"2026-04-05T14:52:21+00:00\" \/>\n<meta property=\"og:image\" content=\"https:\/\/gruene-wiesbaden.de\/wp-content\/uploads\/2025\/11\/he-gong-2VCtLsPEaWI-unsplash-scaled.jpg\" \/>\n\t<meta property=\"og:image:width\" content=\"2560\" \/>\n\t<meta property=\"og:image:height\" content=\"1920\" \/>\n\t<meta property=\"og:image:type\" content=\"image\/jpeg\" \/>\n<meta name=\"author\" content=\"admin\" \/>\n<meta name=\"twitter:card\" content=\"summary_large_image\" \/>\n<meta name=\"twitter:label1\" content=\"Napsal(a)\" \/>\n\t<meta name=\"twitter:data1\" content=\"admin\" \/>\n\t<meta name=\"twitter:label2\" content=\"Odhadovan\u00e1 doba \u010dten\u00ed\" \/>\n\t<meta name=\"twitter:data2\" content=\"2 minutes\" \/>\n<script type=\"application\/ld+json\" class=\"yoast-schema-graph\">{\"@context\":\"https:\\\/\\\/schema.org\",\"@graph\":[{\"@type\":\"Article\",\"@id\":\"https:\\\/\\\/gruene-wiesbaden.de\\\/tag-des-offenen-heizungskellers-waermepumpen-auch-in-alten-mehrfamilienhaeusern-sinnvoll\\\/#article\",\"isPartOf\":{\"@id\":\"https:\\\/\\\/gruene-wiesbaden.de\\\/tag-des-offenen-heizungskellers-waermepumpen-auch-in-alten-mehrfamilienhaeusern-sinnvoll\\\/\"},\"author\":{\"name\":\"admin\",\"@id\":\"https:\\\/\\\/gruene-wiesbaden.de\\\/#\\\/schema\\\/person\\\/6785c34779159cd4fd86886bb097afe9\"},\"headline\":\"Tag des offenen Heizungskellers \u2013 W\u00e4rmepumpen auch in alten Mehrfamilienh\u00e4usern sinnvoll\",\"datePublished\":\"2025-11-05T12:28:17+00:00\",\"dateModified\":\"2026-04-05T14:52:21+00:00\",\"mainEntityOfPage\":{\"@id\":\"https:\\\/\\\/gruene-wiesbaden.de\\\/tag-des-offenen-heizungskellers-waermepumpen-auch-in-alten-mehrfamilienhaeusern-sinnvoll\\\/\"},\"wordCount\":381,\"publisher\":{\"@id\":\"https:\\\/\\\/gruene-wiesbaden.de\\\/#organization\"},\"image\":{\"@id\":\"https:\\\/\\\/gruene-wiesbaden.de\\\/tag-des-offenen-heizungskellers-waermepumpen-auch-in-alten-mehrfamilienhaeusern-sinnvoll\\\/#primaryimage\"},\"thumbnailUrl\":\"https:\\\/\\\/gruene-wiesbaden.de\\\/wp-content\\\/uploads\\\/2025\\\/11\\\/he-gong-2VCtLsPEaWI-unsplash-scaled.jpg\",\"articleSection\":[\"Allgemein\",\"Veranstaltungen\"],\"inLanguage\":\"cs-CZ\"},{\"@type\":\"WebPage\",\"@id\":\"https:\\\/\\\/gruene-wiesbaden.de\\\/tag-des-offenen-heizungskellers-waermepumpen-auch-in-alten-mehrfamilienhaeusern-sinnvoll\\\/\",\"url\":\"https:\\\/\\\/gruene-wiesbaden.de\\\/tag-des-offenen-heizungskellers-waermepumpen-auch-in-alten-mehrfamilienhaeusern-sinnvoll\\\/\",\"name\":\"Tag des offenen Heizungskellers \u2013 W\u00e4rmepumpen auch in alten Mehrfamilienh\u00e4usern sinnvoll - B\u00dcNDNIS 90\\\/DIE GR\u00dcNEN Wiesbaden\",\"isPartOf\":{\"@id\":\"https:\\\/\\\/gruene-wiesbaden.de\\\/#website\"},\"primaryImageOfPage\":{\"@id\":\"https:\\\/\\\/gruene-wiesbaden.de\\\/tag-des-offenen-heizungskellers-waermepumpen-auch-in-alten-mehrfamilienhaeusern-sinnvoll\\\/#primaryimage\"},\"image\":{\"@id\":\"https:\\\/\\\/gruene-wiesbaden.de\\\/tag-des-offenen-heizungskellers-waermepumpen-auch-in-alten-mehrfamilienhaeusern-sinnvoll\\\/#primaryimage\"},\"thumbnailUrl\":\"https:\\\/\\\/gruene-wiesbaden.de\\\/wp-content\\\/uploads\\\/2025\\\/11\\\/he-gong-2VCtLsPEaWI-unsplash-scaled.jpg\",\"datePublished\":\"2025-11-05T12:28:17+00:00\",\"dateModified\":\"2026-04-05T14:52:21+00:00\",\"breadcrumb\":{\"@id\":\"https:\\\/\\\/gruene-wiesbaden.de\\\/tag-des-offenen-heizungskellers-waermepumpen-auch-in-alten-mehrfamilienhaeusern-sinnvoll\\\/#breadcrumb\"},\"inLanguage\":\"cs-CZ\",\"potentialAction\":[{\"@type\":\"ReadAction\",\"target\":[\"https:\\\/\\\/gruene-wiesbaden.de\\\/tag-des-offenen-heizungskellers-waermepumpen-auch-in-alten-mehrfamilienhaeusern-sinnvoll\\\/\"]}]},{\"@type\":\"ImageObject\",\"inLanguage\":\"cs-CZ\",\"@id\":\"https:\\\/\\\/gruene-wiesbaden.de\\\/tag-des-offenen-heizungskellers-waermepumpen-auch-in-alten-mehrfamilienhaeusern-sinnvoll\\\/#primaryimage\",\"url\":\"https:\\\/\\\/gruene-wiesbaden.de\\\/wp-content\\\/uploads\\\/2025\\\/11\\\/he-gong-2VCtLsPEaWI-unsplash-scaled.jpg\",\"contentUrl\":\"https:\\\/\\\/gruene-wiesbaden.de\\\/wp-content\\\/uploads\\\/2025\\\/11\\\/he-gong-2VCtLsPEaWI-unsplash-scaled.jpg\",\"width\":2560,\"height\":1920},{\"@type\":\"BreadcrumbList\",\"@id\":\"https:\\\/\\\/gruene-wiesbaden.de\\\/tag-des-offenen-heizungskellers-waermepumpen-auch-in-alten-mehrfamilienhaeusern-sinnvoll\\\/#breadcrumb\",\"itemListElement\":[{\"@type\":\"ListItem\",\"position\":1,\"name\":\"Startseite\",\"item\":\"https:\\\/\\\/gruene-wiesbaden.de\\\/\"},{\"@type\":\"ListItem\",\"position\":2,\"name\":\"Tag des offenen Heizungskellers \u2013 W\u00e4rmepumpen auch in alten Mehrfamilienh\u00e4usern sinnvoll\"}]},{\"@type\":\"WebSite\",\"@id\":\"https:\\\/\\\/gruene-wiesbaden.de\\\/#website\",\"url\":\"https:\\\/\\\/gruene-wiesbaden.de\\\/\",\"name\":\"DIE GR\u00dcNEN Wiesbaden\",\"description\":\"\",\"publisher\":{\"@id\":\"https:\\\/\\\/gruene-wiesbaden.de\\\/#organization\"},\"potentialAction\":[{\"@type\":\"SearchAction\",\"target\":{\"@type\":\"EntryPoint\",\"urlTemplate\":\"https:\\\/\\\/gruene-wiesbaden.de\\\/?s={search_term_string}\"},\"query-input\":{\"@type\":\"PropertyValueSpecification\",\"valueRequired\":true,\"valueName\":\"search_term_string\"}}],\"inLanguage\":\"cs-CZ\"},{\"@type\":\"Organization\",\"@id\":\"https:\\\/\\\/gruene-wiesbaden.de\\\/#organization\",\"name\":\"DIE GR\u00dcNEN Wiesbaden\",\"url\":\"https:\\\/\\\/gruene-wiesbaden.de\\\/\",\"logo\":{\"@type\":\"ImageObject\",\"inLanguage\":\"cs-CZ\",\"@id\":\"https:\\\/\\\/gruene-wiesbaden.de\\\/#\\\/schema\\\/logo\\\/image\\\/\",\"url\":\"https:\\\/\\\/gruene-wiesbaden-fuer-europa.de\\\/wp-content\\\/uploads\\\/2024\\\/04\\\/Machen-was-zaehlt-5.png\",\"contentUrl\":\"https:\\\/\\\/gruene-wiesbaden-fuer-europa.de\\\/wp-content\\\/uploads\\\/2024\\\/04\\\/Machen-was-zaehlt-5.png\",\"width\":1772,\"height\":1772,\"caption\":\"DIE GR\u00dcNEN Wiesbaden\"},\"image\":{\"@id\":\"https:\\\/\\\/gruene-wiesbaden.de\\\/#\\\/schema\\\/logo\\\/image\\\/\"},\"sameAs\":[\"https:\\\/\\\/www.facebook.com\\\/gruene.wi\",\"https:\\\/\\\/instagram.com\\\/gruene_wi\"]},{\"@type\":\"Person\",\"@id\":\"https:\\\/\\\/gruene-wiesbaden.de\\\/#\\\/schema\\\/person\\\/6785c34779159cd4fd86886bb097afe9\",\"name\":\"admin\",\"sameAs\":[\"http:\\\/\\\/gruene-wiesbaden-fuer-europa.de\"],\"url\":\"https:\\\/\\\/gruene-wiesbaden.de\\\/cs\\\/author\\\/admin\\\/\"}]}<\/script>\n<!-- \/ Yoast SEO plugin. -->","yoast_head_json":{"title":"Tag des offenen Heizungskellers \u2013 W\u00e4rmepumpen auch in alten Mehrfamilienh\u00e4usern sinnvoll - B\u00dcNDNIS 90\/DIE GR\u00dcNEN Wiesbaden","robots":{"index":"index","follow":"follow","max-snippet":"max-snippet:-1","max-image-preview":"max-image-preview:large","max-video-preview":"max-video-preview:-1"},"canonical":"https:\/\/gruene-wiesbaden.de\/cs\/tag-des-offenen-heizungskellers-waermepumpen-auch-in-alten-mehrfamilienhaeusern-sinnvoll\/","og_locale":"cs_CZ","og_type":"article","og_title":"Tag des offenen Heizungskellers \u2013 W\u00e4rmepumpen auch in alten Mehrfamilienh\u00e4usern sinnvoll - B\u00dcNDNIS 90\/DIE GR\u00dcNEN Wiesbaden","og_url":"https:\/\/gruene-wiesbaden.de\/cs\/tag-des-offenen-heizungskellers-waermepumpen-auch-in-alten-mehrfamilienhaeusern-sinnvoll\/","og_site_name":"B\u00dcNDNIS 90\/DIE GR\u00dcNEN Wiesbaden","article_publisher":"https:\/\/www.facebook.com\/gruene.wi","article_published_time":"2025-11-05T12:28:17+00:00","article_modified_time":"2026-04-05T14:52:21+00:00","og_image":[{"width":2560,"height":1920,"url":"https:\/\/gruene-wiesbaden.de\/wp-content\/uploads\/2025\/11\/he-gong-2VCtLsPEaWI-unsplash-scaled.jpg","type":"image\/jpeg"}],"author":"admin","twitter_card":"summary_large_image","twitter_misc":{"Napsal(a)":"admin","Odhadovan\u00e1 doba \u010dten\u00ed":"2 minutes"},"schema":{"@context":"https:\/\/schema.org","@graph":[{"@type":"Article","@id":"https:\/\/gruene-wiesbaden.de\/tag-des-offenen-heizungskellers-waermepumpen-auch-in-alten-mehrfamilienhaeusern-sinnvoll\/#article","isPartOf":{"@id":"https:\/\/gruene-wiesbaden.de\/tag-des-offenen-heizungskellers-waermepumpen-auch-in-alten-mehrfamilienhaeusern-sinnvoll\/"},"author":{"name":"admin","@id":"https:\/\/gruene-wiesbaden.de\/#\/schema\/person\/6785c34779159cd4fd86886bb097afe9"},"headline":"Tag des offenen Heizungskellers \u2013 W\u00e4rmepumpen auch in alten Mehrfamilienh\u00e4usern sinnvoll","datePublished":"2025-11-05T12:28:17+00:00","dateModified":"2026-04-05T14:52:21+00:00","mainEntityOfPage":{"@id":"https:\/\/gruene-wiesbaden.de\/tag-des-offenen-heizungskellers-waermepumpen-auch-in-alten-mehrfamilienhaeusern-sinnvoll\/"},"wordCount":381,"publisher":{"@id":"https:\/\/gruene-wiesbaden.de\/#organization"},"image":{"@id":"https:\/\/gruene-wiesbaden.de\/tag-des-offenen-heizungskellers-waermepumpen-auch-in-alten-mehrfamilienhaeusern-sinnvoll\/#primaryimage"},"thumbnailUrl":"https:\/\/gruene-wiesbaden.de\/wp-content\/uploads\/2025\/11\/he-gong-2VCtLsPEaWI-unsplash-scaled.jpg","articleSection":["Allgemein","Veranstaltungen"],"inLanguage":"cs-CZ"},{"@type":"WebPage","@id":"https:\/\/gruene-wiesbaden.de\/tag-des-offenen-heizungskellers-waermepumpen-auch-in-alten-mehrfamilienhaeusern-sinnvoll\/","url":"https:\/\/gruene-wiesbaden.de\/tag-des-offenen-heizungskellers-waermepumpen-auch-in-alten-mehrfamilienhaeusern-sinnvoll\/","name":"Tag des offenen Heizungskellers \u2013 W\u00e4rmepumpen auch in alten Mehrfamilienh\u00e4usern sinnvoll - B\u00dcNDNIS 90\/DIE GR\u00dcNEN Wiesbaden","isPartOf":{"@id":"https:\/\/gruene-wiesbaden.de\/#website"},"primaryImageOfPage":{"@id":"https:\/\/gruene-wiesbaden.de\/tag-des-offenen-heizungskellers-waermepumpen-auch-in-alten-mehrfamilienhaeusern-sinnvoll\/#primaryimage"},"image":{"@id":"https:\/\/gruene-wiesbaden.de\/tag-des-offenen-heizungskellers-waermepumpen-auch-in-alten-mehrfamilienhaeusern-sinnvoll\/#primaryimage"},"thumbnailUrl":"https:\/\/gruene-wiesbaden.de\/wp-content\/uploads\/2025\/11\/he-gong-2VCtLsPEaWI-unsplash-scaled.jpg","datePublished":"2025-11-05T12:28:17+00:00","dateModified":"2026-04-05T14:52:21+00:00","breadcrumb":{"@id":"https:\/\/gruene-wiesbaden.de\/tag-des-offenen-heizungskellers-waermepumpen-auch-in-alten-mehrfamilienhaeusern-sinnvoll\/#breadcrumb"},"inLanguage":"cs-CZ","potentialAction":[{"@type":"ReadAction","target":["https:\/\/gruene-wiesbaden.de\/tag-des-offenen-heizungskellers-waermepumpen-auch-in-alten-mehrfamilienhaeusern-sinnvoll\/"]}]},{"@type":"ImageObject","inLanguage":"cs-CZ","@id":"https:\/\/gruene-wiesbaden.de\/tag-des-offenen-heizungskellers-waermepumpen-auch-in-alten-mehrfamilienhaeusern-sinnvoll\/#primaryimage","url":"https:\/\/gruene-wiesbaden.de\/wp-content\/uploads\/2025\/11\/he-gong-2VCtLsPEaWI-unsplash-scaled.jpg","contentUrl":"https:\/\/gruene-wiesbaden.de\/wp-content\/uploads\/2025\/11\/he-gong-2VCtLsPEaWI-unsplash-scaled.jpg","width":2560,"height":1920},{"@type":"BreadcrumbList","@id":"https:\/\/gruene-wiesbaden.de\/tag-des-offenen-heizungskellers-waermepumpen-auch-in-alten-mehrfamilienhaeusern-sinnvoll\/#breadcrumb","itemListElement":[{"@type":"ListItem","position":1,"name":"Startseite","item":"https:\/\/gruene-wiesbaden.de\/"},{"@type":"ListItem","position":2,"name":"Tag des offenen Heizungskellers \u2013 W\u00e4rmepumpen auch in alten Mehrfamilienh\u00e4usern sinnvoll"}]},{"@type":"WebSite","@id":"https:\/\/gruene-wiesbaden.de\/#website","url":"https:\/\/gruene-wiesbaden.de\/","name":"DIE GR\u00dcNEN Wiesbaden","description":"","publisher":{"@id":"https:\/\/gruene-wiesbaden.de\/#organization"},"potentialAction":[{"@type":"SearchAction","target":{"@type":"EntryPoint","urlTemplate":"https:\/\/gruene-wiesbaden.de\/?s={search_term_string}"},"query-input":{"@type":"PropertyValueSpecification","valueRequired":true,"valueName":"search_term_string"}}],"inLanguage":"cs-CZ"},{"@type":"Organization","@id":"https:\/\/gruene-wiesbaden.de\/#organization","name":"DIE GR\u00dcNEN Wiesbaden","url":"https:\/\/gruene-wiesbaden.de\/","logo":{"@type":"ImageObject","inLanguage":"cs-CZ","@id":"https:\/\/gruene-wiesbaden.de\/#\/schema\/logo\/image\/","url":"https:\/\/gruene-wiesbaden-fuer-europa.de\/wp-content\/uploads\/2024\/04\/Machen-was-zaehlt-5.png","contentUrl":"https:\/\/gruene-wiesbaden-fuer-europa.de\/wp-content\/uploads\/2024\/04\/Machen-was-zaehlt-5.png","width":1772,"height":1772,"caption":"DIE GR\u00dcNEN Wiesbaden"},"image":{"@id":"https:\/\/gruene-wiesbaden.de\/#\/schema\/logo\/image\/"},"sameAs":["https:\/\/www.facebook.com\/gruene.wi","https:\/\/instagram.com\/gruene_wi"]},{"@type":"Person","@id":"https:\/\/gruene-wiesbaden.de\/#\/schema\/person\/6785c34779159cd4fd86886bb097afe9","name":"admin","sameAs":["http:\/\/gruene-wiesbaden-fuer-europa.de"],"url":"https:\/\/gruene-wiesbaden.de\/cs\/author\/admin\/"}]}},"_links":{"self":[{"href":"https:\/\/gruene-wiesbaden.de\/cs\/wp-json\/wp\/v2\/posts\/1303","targetHints":{"allow":["GET"]}}],"collection":[{"href":"https:\/\/gruene-wiesbaden.de\/cs\/wp-json\/wp\/v2\/posts"}],"about":[{"href":"https:\/\/gruene-wiesbaden.de\/cs\/wp-json\/wp\/v2\/types\/post"}],"author":[{"embeddable":true,"href":"https:\/\/gruene-wiesbaden.de\/cs\/wp-json\/wp\/v2\/users\/1"}],"replies":[{"embeddable":true,"href":"https:\/\/gruene-wiesbaden.de\/cs\/wp-json\/wp\/v2\/comments?post=1303"}],"version-history":[{"count":5,"href":"https:\/\/gruene-wiesbaden.de\/cs\/wp-json\/wp\/v2\/posts\/1303\/revisions"}],"predecessor-version":[{"id":2173,"href":"https:\/\/gruene-wiesbaden.de\/cs\/wp-json\/wp\/v2\/posts\/1303\/revisions\/2173"}],"wp:featuredmedia":[{"embeddable":true,"href":"https:\/\/gruene-wiesbaden.de\/cs\/wp-json\/wp\/v2\/media\/1306"}],"wp:attachment":[{"href":"https:\/\/gruene-wiesbaden.de\/cs\/wp-json\/wp\/v2\/media?parent=1303"}],"wp:term":[{"taxonomy":"category","embeddable":true,"href":"https:\/\/gruene-wiesbaden.de\/cs\/wp-json\/wp\/v2\/categories?post=1303"},{"taxonomy":"post_tag","embeddable":true,"href":"https:\/\/gruene-wiesbaden.de\/cs\/wp-json\/wp\/v2\/tags?post=1303"}],"curies":[{"name":"wp","href":"https:\/\/api.w.org\/{rel}","templated":true}]}}