{"id":1647,"date":"2025-11-27T09:45:08","date_gmt":"2025-11-27T07:45:08","guid":{"rendered":"https:\/\/gruene-wiesbaden.de\/?p=1647"},"modified":"2025-11-27T09:45:08","modified_gmt":"2025-11-27T07:45:08","slug":"stark-aufgestellt-fuer-wiesbaden-gruene-starten-mit-team-und-programm-in-den-wahlkampf","status":"publish","type":"post","link":"https:\/\/gruene-wiesbaden.de\/bg\/stark-aufgestellt-fuer-wiesbaden-gruene-starten-mit-team-und-programm-in-den-wahlkampf\/","title":{"rendered":"\u0421\u0438\u043b\u043d\u043e \u043f\u043e\u0437\u0438\u0446\u0438\u043e\u043d\u0438\u0440\u0430\u043d\u0430 \u0437\u0430 \u0412\u0438\u0441\u0431\u0430\u0434\u0435\u043d: \u0417\u0435\u043b\u0435\u043d\u0438\u0442\u0435 \u0437\u0430\u043f\u043e\u0447\u0432\u0430\u0442 \u043f\u0440\u0435\u0434\u0438\u0437\u0431\u043e\u0440\u043d\u0430\u0442\u0430 \u043a\u0430\u043c\u043f\u0430\u043d\u0438\u044f \u0441 \u0435\u043a\u0438\u043f \u0438 \u043f\u0440\u043e\u0433\u0440\u0430\u043c\u0430"},"content":{"rendered":"<section class=\"l-section wpb_row height_medium\"><div class=\"l-section-h i-cf\"><div class=\"g-cols vc_row via_grid cols_1 laptops-cols_inherit tablets-cols_inherit mobiles-cols_1 valign_top type_default stacking_default\"><div class=\"wpb_column vc_column_container\"><div class=\"vc_column-inner\"><h3 class=\"w-post-elm post_title us_custom_ea76afbe entry-title color_link_inherit\">\u0421\u0438\u043b\u043d\u043e \u043f\u043e\u0437\u0438\u0446\u0438\u043e\u043d\u0438\u0440\u0430\u043d\u0430 \u0437\u0430 \u0412\u0438\u0441\u0431\u0430\u0434\u0435\u043d: \u0417\u0435\u043b\u0435\u043d\u0438\u0442\u0435 \u0437\u0430\u043f\u043e\u0447\u0432\u0430\u0442 \u043f\u0440\u0435\u0434\u0438\u0437\u0431\u043e\u0440\u043d\u0430\u0442\u0430 \u043a\u0430\u043c\u043f\u0430\u043d\u0438\u044f \u0441 \u0435\u043a\u0438\u043f \u0438 \u043f\u0440\u043e\u0433\u0440\u0430\u043c\u0430<\/h3><div class=\"w-post-elm post_image\"><img loading=\"lazy\" decoding=\"async\" width=\"600\" height=\"407\" src=\"https:\/\/gruene-wiesbaden.de\/wp-content\/uploads\/2025\/11\/Post-Wahlprogramm-e1764229378933-600x407.png\" class=\"attachment-large size-large wp-post-image\" alt=\"\" srcset=\"https:\/\/gruene-wiesbaden.de\/wp-content\/uploads\/2025\/11\/Post-Wahlprogramm-e1764229378933-600x407.png 600w, https:\/\/gruene-wiesbaden.de\/wp-content\/uploads\/2025\/11\/Post-Wahlprogramm-e1764229378933-400x271.png 400w, https:\/\/gruene-wiesbaden.de\/wp-content\/uploads\/2025\/11\/Post-Wahlprogramm-e1764229378933-18x12.png 18w, https:\/\/gruene-wiesbaden.de\/wp-content\/uploads\/2025\/11\/Post-Wahlprogramm-e1764229378933.png 1132w\" sizes=\"auto, (max-width: 600px) 100vw, 600px\" \/><\/div><div class=\"w-separator size_medium\"><\/div><div class=\"wpb_text_column\"><div class=\"wpb_wrapper\"><p><b>\u0412\u0438\u0441\u0431\u0430\u0434\u0435\u043d, 26.11.2025 \u0433. \u2013 <\/b><b>B\u00dcNDNIS 90\/DIE GR\u00dcNEN Wiesbaden \u0440\u0435\u0448\u0438\u0442\u0435\u043b\u043d\u043e \u0437\u0430\u043f\u043e\u0447\u0432\u0430 \u043e\u0431\u0449\u0438\u043d\u0441\u043a\u0430\u0442\u0430 \u043f\u0440\u0435\u0434\u0438\u0437\u0431\u043e\u0440\u043d\u0430 \u043a\u0430\u043c\u043f\u0430\u043d\u0438\u044f \u043f\u0440\u0435\u0437 2026 \u0433. \u0421 \u0432\u0435\u0447\u0435 \u043f\u0440\u0438\u0435\u0442\u0430\u0442\u0430 \u043f\u0440\u0435\u0437 \u043e\u043a\u0442\u043e\u043c\u0432\u0440\u0438 \u043f\u0440\u0435\u0434\u0438\u0437\u0431\u043e\u0440\u043d\u0430 \u043f\u0440\u043e\u0433\u0440\u0430\u043c\u0430 \u0438 \u0432\u0435\u0447\u0435 \u0438\u0437\u0431\u0440\u0430\u043d\u0430\u0442\u0430 \u043b\u0438\u0441\u0442\u0430 \u0437\u0430 \u0433\u0440\u0430\u0434\u0441\u043a\u0438\u044f \u0441\u044a\u0432\u0435\u0442 \u0441\u0442\u0430\u0432\u0430 \u044f\u0441\u043d\u043e: \u0417\u0435\u043b\u0435\u043d\u0438\u0442\u0435 \u0441\u0435 \u0441\u044a\u0441\u0442\u0435\u0437\u0430\u0432\u0430\u0442 \u0441 \u044f\u0441\u0435\u043d \u043a\u0443\u0440\u0441 \u043d\u0430 \u0441\u044a\u0434\u044a\u0440\u0436\u0430\u043d\u0438\u0435 \u0438 \u0435\u043a\u0438\u043f, \u043a\u043e\u0439\u0442\u043e \u0438\u0441\u043a\u0430 \u0430\u043a\u0442\u0438\u0432\u043d\u043e \u0434\u0430 \u043e\u0444\u043e\u0440\u043c\u0438 \u0431\u044a\u0434\u0435\u0449\u0435\u0442\u043e \u043d\u0430 \u0412\u0438\u0441\u0431\u0430\u0434\u0435\u043d.<span class=\"Apple-converted-space\">\u00a0<\/span><\/b><\/p>\n<p>\u041f\u043e \u0442\u043e\u0437\u0438 \u043d\u0430\u0447\u0438\u043d \u043f\u0430\u0440\u0442\u0438\u044f\u0442\u0430 \u043f\u043e\u0434\u0447\u0435\u0440\u0442\u0430\u0432\u0430 \u043f\u0440\u0435\u0442\u0435\u043d\u0446\u0438\u044f\u0442\u0430 \u0441\u0438 \u0434\u0430 \u043f\u043e\u0435\u043c\u0435 \u043e\u0442\u0433\u043e\u0432\u043e\u0440\u043d\u043e\u0441\u0442 \u0437\u0430 \u0446\u0435\u043b\u0438\u044f \u0433\u0440\u0430\u0434 \u2014 \u043f\u043e \u0442\u0435\u043c\u0438, \u0441\u043e\u0446\u0438\u0430\u043b\u043d\u0438 \u0433\u0440\u0443\u043f\u0438 \u0438 \u043e\u0431\u043b\u0430\u0441\u0442\u0438. \u0412\u0430\u0448\u0430\u0442\u0430 \u043f\u0440\u0435\u0434\u0441\u0442\u0430\u0432\u0430 \u0437\u0430 \u0441\u0435\u0431\u0435 \u0441\u0438: \u043f\u043e\u043b\u0438\u0442\u0438\u0447\u0435\u0441\u043a\u0430 \u0441\u0438\u043b\u0430, \u043a\u043e\u044f\u0442\u043e \u043d\u0435 \u0441\u0435 \u043e\u0433\u0440\u0430\u043d\u0438\u0447\u0430\u0432\u0430 \u0434\u043e \u0438\u043d\u0434\u0438\u0432\u0438\u0434\u0443\u0430\u043b\u043d\u0438\u0442\u0435 \u0438\u043d\u0442\u0435\u0440\u0435\u0441\u0438, \u0430 \u0440\u0430\u0431\u043e\u0442\u0438 \u0437\u0430 \u0446\u044f\u043b\u043e\u0441\u0442\u043d\u0430\u0442\u0430 \u043a\u0430\u0440\u0442\u0438\u043d\u0430 \u2014 \u0437\u0430 \u0435\u0434\u0438\u043d \u0412\u0438\u0441\u0431\u0430\u0434\u0435\u043d, \u043a\u043e\u0439\u0442\u043e \u0441\u0435 \u0440\u0430\u0437\u0432\u0438\u0432\u0430 \u0438 \u0435 \u0434\u043e\u0431\u0440\u0435 \u043f\u043e\u0437\u0438\u0446\u0438\u043e\u043d\u0438\u0440\u0430\u043d \u0437\u0430 \u0431\u044a\u0434\u0435\u0449\u0435\u0442\u043e.<span class=\"Apple-converted-space\">\u00a0<\/span><\/p>\n<p>\u0421\u044a\u043f\u0440\u0435\u0434\u0441\u0435\u0434\u0430\u0442\u0435\u043b\u044f\u0442 \u0420\u0435\u0431\u0435\u043a\u0430 \u0422\u043e\u043c\u0430\u0441 \u043f\u043e\u0434\u0447\u0435\u0440\u0442\u0430\u0432\u0430 \u0441\u0442\u043e\u0439\u043d\u043e\u0441\u0442\u0442\u0430 \u043d\u0430 \u0448\u0438\u0440\u043e\u043a\u0438\u044f \u043f\u0435\u0440\u0441\u043e\u043d\u0430\u043b: \u201e\u041d\u0430\u0448\u0438\u044f\u0442 \u0441\u043f\u0438\u0441\u044a\u043a \u043f\u043e\u043a\u0430\u0437\u0432\u0430, \u0447\u0435 \u043f\u0440\u0438\u0435\u043c\u0430\u043c\u0435 \u0412\u0438\u0441\u0431\u0430\u0434\u0435\u043d \u0441\u0435\u0440\u0438\u043e\u0437\u043d\u043e \u0432 \u0446\u044f\u043b\u043e\u0442\u043e \u043c\u0443 \u043c\u043d\u043e\u0433\u043e\u043e\u0431\u0440\u0430\u0437\u0438\u0435. \u041e\u043f\u0438\u0442\u043d\u0438\u0442\u0435 \u043c\u0435\u0441\u0442\u043d\u0438 \u043f\u043e\u043b\u0438\u0442\u0438\u0446\u0438 \u0440\u0430\u0431\u043e\u0442\u044f\u0442 \u0440\u0430\u043c\u043e \u0434\u043e \u0440\u0430\u043c\u043e \u0441 \u0430\u043d\u0433\u0430\u0436\u0438\u0440\u0430\u043d\u0438 \u043d\u043e\u0432\u0438 \u0441\u0438\u043b\u0438 \u0438 \u0441\u044a\u0449\u043e \u0442\u0430\u043a\u0430 \u043e\u0431\u0435\u0434\u0438\u043d\u044f\u0432\u0430\u0442 \u0435\u043a\u0441\u043f\u0435\u0440\u0442\u0435\u043d \u043e\u043f\u0438\u0442 \u0437\u0430 \u0432\u0441\u0438\u0447\u043a\u0438 \u043e\u0431\u043b\u0430\u0441\u0442\u0438 \u043d\u0430 \u043f\u043e\u043b\u0438\u0442\u0438\u043a\u0430\u0442\u0430. \u041e\u0441\u0435\u043c \u0434\u0443\u0448\u0438 \u043f\u043e\u0434 35 \u0433\u043e\u0434\u0438\u043d\u0438 \u0432 \u0442\u043e\u043f 20 \u0441\u0430 \u044f\u0441\u0435\u043d \u0441\u0438\u0433\u043d\u0430\u043b: \u041d\u0438\u0435 \u043d\u0435 \u043f\u0440\u043e\u0441\u0442\u043e \u043c\u0438\u0441\u043b\u0438\u043c \u0437\u0430 \u0431\u044a\u0434\u0435\u0449\u0435\u0442\u043e, \u043d\u0438\u0435 \u0430\u043a\u0442\u0438\u0432\u043d\u043e \u0433\u043e \u043f\u0440\u0435\u0434\u0441\u0442\u0430\u0432\u044f\u043c\u0435 \u043d\u0430 \u043c\u0430\u0441\u0430\u0442\u0430.\u201c<span class=\"Apple-converted-space\">\u00a0<\/span><\/p>\n<p>\u0421\u044a\u043f\u0440\u0435\u0434\u0441\u0435\u0434\u0430\u0442\u0435\u043b\u044f\u0442 \u0414\u0430\u043d\u0438\u0435\u043b \u0428\u043c\u0438\u0442 \u0434\u043e\u0431\u0430\u0432\u0438: \u201e\u0422\u043e\u0432\u0430, \u043a\u043e\u0435\u0442\u043e \u043d\u0438 \u043e\u0431\u0435\u0434\u0438\u043d\u044f\u0432\u0430, \u0435 \u0432\u043e\u043b\u044f\u0442\u0430 \u0437\u0430 \u043f\u043e\u0441\u0442\u0438\u0433\u0430\u043d\u0435 \u043d\u0430 \u043d\u0430\u043f\u0440\u0435\u0434\u044a\u043a \u0432\u044a\u0432 \u0412\u0438\u0441\u0431\u0430\u0434\u0435\u043d \u0432\u044a\u0432 \u0432\u0441\u0438\u0447\u043a\u0438 \u043e\u0431\u043b\u0430\u0441\u0442\u0438 \u2014 \u0432 \u0435\u043a\u043e\u043b\u043e\u0433\u0438\u0447\u043d\u043e, \u0441\u043e\u0446\u0438\u0430\u043b\u043d\u043e \u0438 \u0438\u043a\u043e\u043d\u043e\u043c\u0438\u0447\u0435\u0441\u043a\u043e \u043e\u0442\u043d\u043e\u0448\u0435\u043d\u0438\u0435. \u041d\u0438\u0435 \u0441\u043c\u0435 \u0437\u0430 \u043f\u043e\u043b\u0438\u0442\u0438\u043a\u0430, \u043a\u043e\u044f\u0442\u043e \u0441\u044a\u0447\u0435\u0442\u0430\u0432\u0430 \u043e\u043f\u0430\u0437\u0432\u0430\u043d\u0435 \u043d\u0430 \u043a\u043b\u0438\u043c\u0430\u0442\u0430 \u0438 \u043e\u043a\u043e\u043b\u043d\u0430\u0442\u0430 \u0441\u0440\u0435\u0434\u0430, \u0441\u043e\u0446\u0438\u0430\u043b\u043d\u0430 \u0441\u043f\u0440\u0430\u0432\u0435\u0434\u043b\u0438\u0432\u043e\u0441\u0442 \u0438 \u0434\u043e\u0431\u0440\u043e \u0441\u044a\u0442\u0440\u0443\u0434\u043d\u0438\u0447\u0435\u0441\u0442\u0432\u043e \u0438 \u0441\u044a\u0447\u0435\u0442\u0430\u0432\u0430 \u0438\u043a\u043e\u043d\u043e\u043c\u0438\u0447\u0435\u0441\u043a\u0430 \u0441\u0438\u043b\u0430 \u0441 \u043e\u0442\u0433\u043e\u0432\u043e\u0440\u043d\u043e\u0441\u0442 \u0438 \u0443\u0441\u0442\u043e\u0439\u0447\u0438\u0432\u043e\u0441\u0442. \u041d\u0438\u0435 \u0441\u043c\u0435 \u0437\u0430 \u043f\u043e\u043b\u0438\u0442\u0438\u043a\u0430, \u043a\u043e\u044f\u0442\u043e \u0441\u043c\u0435\u043b\u043e \u0441\u0435 \u0441\u043f\u0440\u0430\u0432\u044f, \u043a\u043e\u0433\u0430\u0442\u043e \u043d\u0435\u0449\u043e \u043d\u043e\u0432\u043e \u0435 \u043d\u0435\u043e\u0431\u0445\u043e\u0434\u0438\u043c\u043e, \u0438 \u0440\u0430\u0437\u0432\u0438\u0432\u0430 \u0442\u043e\u0432\u0430, \u043a\u043e\u0435\u0442\u043e \u0441\u044a\u0449\u0435\u0441\u0442\u0432\u0443\u0432\u0430, \u043a\u043e\u0433\u0430\u0442\u043e \u0435 \u0434\u043e\u043a\u0430\u0437\u0430\u043b\u043e \u0441\u0432\u043e\u044f\u0442\u0430 \u0441\u0442\u043e\u0439\u043d\u043e\u0441\u0442. \u041d\u0430\u0448\u0438\u044f\u0442 \u0440\u044a\u043a\u043e\u0432\u043e\u0434\u0435\u043d \u043f\u0440\u0438\u043d\u0446\u0438\u043f \u0435 \u0433\u0440\u0430\u0434, \u043a\u043e\u0439\u0442\u043e \u043d\u0435 \u0441\u043f\u0438\u0440\u0430, \u0430 \u043f\u043e\u0441\u0442\u0435\u043f\u0435\u043d\u043d\u043e \u0441\u0435 \u043f\u043e\u0434\u043e\u0431\u0440\u044f\u0432\u0430 \u2014 \u0437\u0430 \u0432\u0441\u0438\u0447\u043a\u0438, \u043a\u043e\u0438\u0442\u043e \u0436\u0438\u0432\u0435\u044f\u0442 \u0442\u0443\u043a.\u201c<span class=\"Apple-converted-space\">\u00a0<\/span><\/p>\n<p>\u0418\u0437\u0431\u0438\u0440\u0430\u0442\u0435\u043b\u043d\u0430\u0442\u0430 \u043f\u0440\u043e\u0433\u0440\u0430\u043c\u0430 \u043d\u0430 \u0417\u0435\u043b\u0435\u043d\u0438\u0442\u0435 \u0432\u0435\u0447\u0435 \u0435 \u0432 \u0445\u043e\u0434 <b>gruene-wiesbaden.de <\/b>\u041f\u0440\u0435\u0434\u043b\u0430\u0433\u0430 \u0441\u0435 \u043d\u0430 \u043d\u0435\u043c\u0441\u043a\u0438 \u0438 12 \u0434\u0440\u0443\u0433\u0438 \u0435\u0437\u0438\u043a\u0430. \"\u0417\u0430 \u043d\u0430\u0441 \u0435 \u0432\u0430\u0436\u043d\u043e \u0432\u0441\u0438\u0447\u043a\u0438 \u0432\u044a\u0432 \u0412\u0438\u0441\u0431\u0430\u0434\u0435\u043d \u0434\u0430 \u0440\u0430\u0437\u0431\u0435\u0440\u0430\u0442 \u0437\u0430 \u043a\u0430\u043a\u0432\u043e \u0441\u0435 \u0431\u043e\u0440\u0438\u043c\", \u043e\u0431\u044f\u0441\u043d\u044f\u0432\u0430 \u0420\u0435\u0431\u0435\u043a\u0430 \u0422\u043e\u043c\u0430\u0441. \u0414\u0438\u0433\u0438\u0442\u0430\u043b\u043d\u0430\u0442\u0430 \u0432\u0435\u0440\u0441\u0438\u044f \u0435 \u043f\u0440\u043e\u0435\u043a\u0442\u0438\u0440\u0430\u043d\u0430 \u0434\u0430 \u0431\u044a\u0434\u0435 \u0431\u0435\u0437 \u0431\u0430\u0440\u0438\u0435\u0440\u0438 \u0438 \u0443\u0434\u043e\u0431\u043d\u0430 \u0437\u0430 \u043c\u043e\u0431\u0438\u043b\u043d\u0438 \u0443\u0441\u0442\u0440\u043e\u0439\u0441\u0442\u0432\u0430. \u0418\u0437\u0431\u0438\u0440\u0430\u0442\u0435\u043b\u043d\u0430\u0442\u0430 \u043f\u0440\u043e\u0433\u0440\u0430\u043c\u0430 \u043d\u0430 \u0440\u0430\u0437\u0431\u0438\u0440\u0430\u0435\u043c \u0435\u0437\u0438\u043a \u0432 \u043c\u043e\u043c\u0435\u043d\u0442\u0430 \u0435 \u0432 \u043f\u0440\u043e\u0446\u0435\u0441 \u043d\u0430 \u043f\u043e\u0434\u0433\u043e\u0442\u043e\u0432\u043a\u0430.<span class=\"Apple-converted-space\">\u00a0<\/span><\/p>\n<p>\u0412 \u043f\u043e\u043d\u0435\u0434\u0435\u043b\u043d\u0438\u043a, 1-\u0432\u0438. \u041f\u0440\u0435\u0437 \u0434\u0435\u043a\u0435\u043c\u0432\u0440\u0438 2025 \u0433. \u043e\u0431\u043b\u0430\u0441\u0442\u043d\u0438\u0442\u0435 \u043f\u0440\u0435\u0434\u0441\u0435\u0434\u0430\u0442\u0435\u043b\u0438, \u0437\u0430\u0435\u0434\u043d\u043e \u0441 \u043d\u044f\u043a\u043e\u0438 \u043a\u0430\u043d\u0434\u0438\u0434\u0430\u0442\u0438 \u043e\u0442 \u043f\u044a\u0440\u0432\u0438\u0442\u0435 10 \u0432 \u0441\u043f\u0438\u0441\u044a\u043a\u0430 \u0437\u0430 \u0433\u0440\u0430\u0434\u0441\u043a\u0438\u044f \u0441\u044a\u0432\u0435\u0442, \u043f\u0440\u0435\u0434\u0441\u0442\u0430\u0432\u0438\u0445\u0430 \u0435\u043a\u0438\u043f\u0430, \u043e\u0441\u043d\u043e\u0432\u043d\u0438\u0442\u0435 \u0442\u043e\u0447\u043a\u0438 \u043e\u0442 \u043f\u0440\u043e\u0433\u0440\u0430\u043c\u0430\u0442\u0430 \u0438 \u043f\u044a\u0440\u0432\u043e\u043d\u0430\u0447\u0430\u043b\u043d\u0438\u0442\u0435 \u043f\u0440\u043e\u0437\u0440\u0435\u043d\u0438\u044f \u0437\u0430 \u043a\u0430\u043c\u043f\u0430\u043d\u0438\u044f\u0442\u0430. \u041f\u043e\u043a\u0430\u043d\u0435\u043d\u0438 \u0441\u0430 \u043f\u0440\u0435\u0434\u0441\u0442\u0430\u0432\u0438\u0442\u0435\u043b\u0438 \u043d\u0430 \u043c\u0435\u0434\u0438\u0438\u0442\u0435.<\/p>\n<\/div><\/div><\/div><\/div><\/div><\/div><\/section>","protected":false},"excerpt":{"rendered":"\u0421\u0438\u043b\u043d\u043e \u043f\u043e\u0437\u0438\u0446\u0438\u043e\u043d\u0438\u0440\u0430\u043d\u0430 \u0437\u0430 \u0412\u0438\u0441\u0431\u0430\u0434\u0435\u043d: \u0417\u0435\u043b\u0435\u043d\u043e \u043d\u0430\u0447\u0430\u043b\u043e \u0441 \u0435\u043a\u0438\u043f \u0438 \u043f\u0440\u043e\u0433\u0440\u0430\u043c\u0430 \u0432 \u043f\u0440\u0435\u0434\u0438\u0437\u0431\u043e\u0440\u043d\u0430\u0442\u0430 \u043a\u0430\u043c\u043f\u0430\u043d\u0438\u044f \u0432\u044a\u0432 \u0412\u0438\u0441\u0431\u0430\u0434\u0435\u043d, 26.11.2025 \u0433. \u2014 B\u00dcNDNIS 90\/DIE GR\u00dcNEN Wiesbaden \u0437\u0430\u043f\u043e\u0447\u0432\u0430 \u0440\u0435\u0448\u0438\u0442\u0435\u043b\u043d\u043e \u0432 \u043c\u0435\u0441\u0442\u043d\u0430\u0442\u0430 \u043f\u0440\u0435\u0434\u0438\u0437\u0431\u043e\u0440\u043d\u0430 \u043a\u0430\u043c\u043f\u0430\u043d\u0438\u044f \u043f\u0440\u0435\u0437 2026 \u0433. \u0421 \u0432\u0435\u0447\u0435 \u043f\u0440\u0438\u0435\u0442\u0430\u0442\u0430 \u043f\u0440\u0435\u0437 \u043e\u043a\u0442\u043e\u043c\u0432\u0440\u0438 \u043f\u0440\u0435\u0434\u0438\u0437\u0431\u043e\u0440\u043d\u0430 \u043f\u0440\u043e\u0433\u0440\u0430\u043c\u0430 \u0438 \u0432\u0435\u0447\u0435 \u0438\u0437\u0431\u0440\u0430\u043d\u0430\u0442\u0430 \u043b\u0438\u0441\u0442\u0430 \u0437\u0430 \u0433\u0440\u0430\u0434\u0441\u043a\u0438\u044f \u0441\u044a\u0432\u0435\u0442 \u0441\u0442\u0430\u0432\u0430 \u044f\u0441\u043d\u043e: \u0417\u0435\u043b\u0435\u043d\u0438\u0442\u0435 \u0441\u0435 \u0441\u044a\u0441\u0442\u0435\u0437\u0430\u0432\u0430\u0442 \u0441 \u044f\u0441\u0435\u043d \u043a\u0443\u0440\u0441 \u043d\u0430 \u0441\u044a\u0434\u044a\u0440\u0436\u0430\u043d\u0438\u0435 \u0438 \u0435\u043a\u0438\u043f, \u043a\u043e\u0439\u0442\u043e...","protected":false},"author":1,"featured_media":1650,"comment_status":"closed","ping_status":"closed","sticky":false,"template":"","format":"standard","meta":{"footnotes":""},"categories":[8,6,5],"tags":[],"class_list":["post-1647","post","type-post","status-publish","format-standard","has-post-thumbnail","hentry","category-allgemein","category-veranstaltungen","category-wahlen"],"yoast_head":"<!-- This site is optimized with the Yoast SEO plugin v27.5 - https:\/\/yoast.com\/product\/yoast-seo-wordpress\/ -->\n<title>Stark aufgestellt f\u00fcr Wiesbaden: GR\u00dcNE starten mit Team und Programm in den Wahlkampf - B\u00dcNDNIS 90\/DIE GR\u00dcNEN Wiesbaden<\/title>\n<meta name=\"robots\" content=\"index, follow, max-snippet:-1, max-image-preview:large, max-video-preview:-1\" \/>\n<link rel=\"canonical\" href=\"https:\/\/gruene-wiesbaden.de\/bg\/stark-aufgestellt-fuer-wiesbaden-gruene-starten-mit-team-und-programm-in-den-wahlkampf\/\" \/>\n<meta property=\"og:locale\" content=\"bg_BG\" \/>\n<meta property=\"og:type\" content=\"article\" \/>\n<meta property=\"og:title\" content=\"Stark aufgestellt f\u00fcr Wiesbaden: GR\u00dcNE starten mit Team und Programm in den Wahlkampf - B\u00dcNDNIS 90\/DIE GR\u00dcNEN Wiesbaden\" \/>\n<meta property=\"og:url\" content=\"https:\/\/gruene-wiesbaden.de\/bg\/stark-aufgestellt-fuer-wiesbaden-gruene-starten-mit-team-und-programm-in-den-wahlkampf\/\" \/>\n<meta property=\"og:site_name\" content=\"B\u00dcNDNIS 90\/DIE GR\u00dcNEN Wiesbaden\" \/>\n<meta property=\"article:publisher\" content=\"https:\/\/www.facebook.com\/gruene.wi\" \/>\n<meta property=\"article:published_time\" content=\"2025-11-27T07:45:08+00:00\" \/>\n<meta property=\"og:image\" content=\"https:\/\/gruene-wiesbaden.de\/wp-content\/uploads\/2025\/11\/Post-Wahlprogramm-e1764229378933.png\" \/>\n\t<meta property=\"og:image:width\" content=\"1132\" \/>\n\t<meta property=\"og:image:height\" content=\"767\" \/>\n\t<meta property=\"og:image:type\" content=\"image\/png\" \/>\n<meta name=\"author\" content=\"admin\" \/>\n<meta name=\"twitter:card\" content=\"summary_large_image\" \/>\n<meta name=\"twitter:label1\" content=\"Written by\" \/>\n\t<meta name=\"twitter:data1\" content=\"admin\" \/>\n\t<meta name=\"twitter:label2\" content=\"Est. reading time\" \/>\n\t<meta name=\"twitter:data2\" content=\"3 minutes\" \/>\n<script type=\"application\/ld+json\" class=\"yoast-schema-graph\">{\"@context\":\"https:\\\/\\\/schema.org\",\"@graph\":[{\"@type\":\"Article\",\"@id\":\"https:\\\/\\\/gruene-wiesbaden.de\\\/stark-aufgestellt-fuer-wiesbaden-gruene-starten-mit-team-und-programm-in-den-wahlkampf\\\/#article\",\"isPartOf\":{\"@id\":\"https:\\\/\\\/gruene-wiesbaden.de\\\/stark-aufgestellt-fuer-wiesbaden-gruene-starten-mit-team-und-programm-in-den-wahlkampf\\\/\"},\"author\":{\"name\":\"admin\",\"@id\":\"https:\\\/\\\/gruene-wiesbaden.de\\\/#\\\/schema\\\/person\\\/6785c34779159cd4fd86886bb097afe9\"},\"headline\":\"Stark aufgestellt f\u00fcr Wiesbaden: GR\u00dcNE starten mit Team und Programm in den Wahlkampf\",\"datePublished\":\"2025-11-27T07:45:08+00:00\",\"mainEntityOfPage\":{\"@id\":\"https:\\\/\\\/gruene-wiesbaden.de\\\/stark-aufgestellt-fuer-wiesbaden-gruene-starten-mit-team-und-programm-in-den-wahlkampf\\\/\"},\"wordCount\":406,\"publisher\":{\"@id\":\"https:\\\/\\\/gruene-wiesbaden.de\\\/#organization\"},\"image\":{\"@id\":\"https:\\\/\\\/gruene-wiesbaden.de\\\/stark-aufgestellt-fuer-wiesbaden-gruene-starten-mit-team-und-programm-in-den-wahlkampf\\\/#primaryimage\"},\"thumbnailUrl\":\"https:\\\/\\\/gruene-wiesbaden.de\\\/wp-content\\\/uploads\\\/2025\\\/11\\\/Post-Wahlprogramm-e1764229378933.png\",\"articleSection\":[\"Allgemein\",\"Veranstaltungen\",\"Wahlen\"],\"inLanguage\":\"bg-BG\"},{\"@type\":\"WebPage\",\"@id\":\"https:\\\/\\\/gruene-wiesbaden.de\\\/stark-aufgestellt-fuer-wiesbaden-gruene-starten-mit-team-und-programm-in-den-wahlkampf\\\/\",\"url\":\"https:\\\/\\\/gruene-wiesbaden.de\\\/stark-aufgestellt-fuer-wiesbaden-gruene-starten-mit-team-und-programm-in-den-wahlkampf\\\/\",\"name\":\"Stark aufgestellt f\u00fcr Wiesbaden: GR\u00dcNE starten mit Team und Programm in den Wahlkampf - B\u00dcNDNIS 90\\\/DIE GR\u00dcNEN Wiesbaden\",\"isPartOf\":{\"@id\":\"https:\\\/\\\/gruene-wiesbaden.de\\\/#website\"},\"primaryImageOfPage\":{\"@id\":\"https:\\\/\\\/gruene-wiesbaden.de\\\/stark-aufgestellt-fuer-wiesbaden-gruene-starten-mit-team-und-programm-in-den-wahlkampf\\\/#primaryimage\"},\"image\":{\"@id\":\"https:\\\/\\\/gruene-wiesbaden.de\\\/stark-aufgestellt-fuer-wiesbaden-gruene-starten-mit-team-und-programm-in-den-wahlkampf\\\/#primaryimage\"},\"thumbnailUrl\":\"https:\\\/\\\/gruene-wiesbaden.de\\\/wp-content\\\/uploads\\\/2025\\\/11\\\/Post-Wahlprogramm-e1764229378933.png\",\"datePublished\":\"2025-11-27T07:45:08+00:00\",\"breadcrumb\":{\"@id\":\"https:\\\/\\\/gruene-wiesbaden.de\\\/stark-aufgestellt-fuer-wiesbaden-gruene-starten-mit-team-und-programm-in-den-wahlkampf\\\/#breadcrumb\"},\"inLanguage\":\"bg-BG\",\"potentialAction\":[{\"@type\":\"ReadAction\",\"target\":[\"https:\\\/\\\/gruene-wiesbaden.de\\\/stark-aufgestellt-fuer-wiesbaden-gruene-starten-mit-team-und-programm-in-den-wahlkampf\\\/\"]}]},{\"@type\":\"ImageObject\",\"inLanguage\":\"bg-BG\",\"@id\":\"https:\\\/\\\/gruene-wiesbaden.de\\\/stark-aufgestellt-fuer-wiesbaden-gruene-starten-mit-team-und-programm-in-den-wahlkampf\\\/#primaryimage\",\"url\":\"https:\\\/\\\/gruene-wiesbaden.de\\\/wp-content\\\/uploads\\\/2025\\\/11\\\/Post-Wahlprogramm-e1764229378933.png\",\"contentUrl\":\"https:\\\/\\\/gruene-wiesbaden.de\\\/wp-content\\\/uploads\\\/2025\\\/11\\\/Post-Wahlprogramm-e1764229378933.png\",\"width\":1132,\"height\":767},{\"@type\":\"BreadcrumbList\",\"@id\":\"https:\\\/\\\/gruene-wiesbaden.de\\\/stark-aufgestellt-fuer-wiesbaden-gruene-starten-mit-team-und-programm-in-den-wahlkampf\\\/#breadcrumb\",\"itemListElement\":[{\"@type\":\"ListItem\",\"position\":1,\"name\":\"Startseite\",\"item\":\"https:\\\/\\\/gruene-wiesbaden.de\\\/\"},{\"@type\":\"ListItem\",\"position\":2,\"name\":\"Stark aufgestellt f\u00fcr Wiesbaden: GR\u00dcNE starten mit Team und Programm in den Wahlkampf\"}]},{\"@type\":\"WebSite\",\"@id\":\"https:\\\/\\\/gruene-wiesbaden.de\\\/#website\",\"url\":\"https:\\\/\\\/gruene-wiesbaden.de\\\/\",\"name\":\"DIE GR\u00dcNEN Wiesbaden\",\"description\":\"\",\"publisher\":{\"@id\":\"https:\\\/\\\/gruene-wiesbaden.de\\\/#organization\"},\"potentialAction\":[{\"@type\":\"SearchAction\",\"target\":{\"@type\":\"EntryPoint\",\"urlTemplate\":\"https:\\\/\\\/gruene-wiesbaden.de\\\/?s={search_term_string}\"},\"query-input\":{\"@type\":\"PropertyValueSpecification\",\"valueRequired\":true,\"valueName\":\"search_term_string\"}}],\"inLanguage\":\"bg-BG\"},{\"@type\":\"Organization\",\"@id\":\"https:\\\/\\\/gruene-wiesbaden.de\\\/#organization\",\"name\":\"DIE GR\u00dcNEN Wiesbaden\",\"url\":\"https:\\\/\\\/gruene-wiesbaden.de\\\/\",\"logo\":{\"@type\":\"ImageObject\",\"inLanguage\":\"bg-BG\",\"@id\":\"https:\\\/\\\/gruene-wiesbaden.de\\\/#\\\/schema\\\/logo\\\/image\\\/\",\"url\":\"https:\\\/\\\/gruene-wiesbaden-fuer-europa.de\\\/wp-content\\\/uploads\\\/2024\\\/04\\\/Machen-was-zaehlt-5.png\",\"contentUrl\":\"https:\\\/\\\/gruene-wiesbaden-fuer-europa.de\\\/wp-content\\\/uploads\\\/2024\\\/04\\\/Machen-was-zaehlt-5.png\",\"width\":1772,\"height\":1772,\"caption\":\"DIE GR\u00dcNEN Wiesbaden\"},\"image\":{\"@id\":\"https:\\\/\\\/gruene-wiesbaden.de\\\/#\\\/schema\\\/logo\\\/image\\\/\"},\"sameAs\":[\"https:\\\/\\\/www.facebook.com\\\/gruene.wi\",\"https:\\\/\\\/instagram.com\\\/gruene_wi\"]},{\"@type\":\"Person\",\"@id\":\"https:\\\/\\\/gruene-wiesbaden.de\\\/#\\\/schema\\\/person\\\/6785c34779159cd4fd86886bb097afe9\",\"name\":\"admin\",\"sameAs\":[\"http:\\\/\\\/gruene-wiesbaden-fuer-europa.de\"],\"url\":\"https:\\\/\\\/gruene-wiesbaden.de\\\/bg\\\/author\\\/admin\\\/\"}]}<\/script>\n<!-- \/ Yoast SEO plugin. -->","yoast_head_json":{"title":"Stark aufgestellt f\u00fcr Wiesbaden: GR\u00dcNE starten mit Team und Programm in den Wahlkampf - B\u00dcNDNIS 90\/DIE GR\u00dcNEN Wiesbaden","robots":{"index":"index","follow":"follow","max-snippet":"max-snippet:-1","max-image-preview":"max-image-preview:large","max-video-preview":"max-video-preview:-1"},"canonical":"https:\/\/gruene-wiesbaden.de\/bg\/stark-aufgestellt-fuer-wiesbaden-gruene-starten-mit-team-und-programm-in-den-wahlkampf\/","og_locale":"bg_BG","og_type":"article","og_title":"Stark aufgestellt f\u00fcr Wiesbaden: GR\u00dcNE starten mit Team und Programm in den Wahlkampf - B\u00dcNDNIS 90\/DIE GR\u00dcNEN Wiesbaden","og_url":"https:\/\/gruene-wiesbaden.de\/bg\/stark-aufgestellt-fuer-wiesbaden-gruene-starten-mit-team-und-programm-in-den-wahlkampf\/","og_site_name":"B\u00dcNDNIS 90\/DIE GR\u00dcNEN Wiesbaden","article_publisher":"https:\/\/www.facebook.com\/gruene.wi","article_published_time":"2025-11-27T07:45:08+00:00","og_image":[{"width":1132,"height":767,"url":"https:\/\/gruene-wiesbaden.de\/wp-content\/uploads\/2025\/11\/Post-Wahlprogramm-e1764229378933.png","type":"image\/png"}],"author":"admin","twitter_card":"summary_large_image","twitter_misc":{"Written by":"admin","Est. reading time":"3 minutes"},"schema":{"@context":"https:\/\/schema.org","@graph":[{"@type":"Article","@id":"https:\/\/gruene-wiesbaden.de\/stark-aufgestellt-fuer-wiesbaden-gruene-starten-mit-team-und-programm-in-den-wahlkampf\/#article","isPartOf":{"@id":"https:\/\/gruene-wiesbaden.de\/stark-aufgestellt-fuer-wiesbaden-gruene-starten-mit-team-und-programm-in-den-wahlkampf\/"},"author":{"name":"admin","@id":"https:\/\/gruene-wiesbaden.de\/#\/schema\/person\/6785c34779159cd4fd86886bb097afe9"},"headline":"Stark aufgestellt f\u00fcr Wiesbaden: GR\u00dcNE starten mit Team und Programm in den Wahlkampf","datePublished":"2025-11-27T07:45:08+00:00","mainEntityOfPage":{"@id":"https:\/\/gruene-wiesbaden.de\/stark-aufgestellt-fuer-wiesbaden-gruene-starten-mit-team-und-programm-in-den-wahlkampf\/"},"wordCount":406,"publisher":{"@id":"https:\/\/gruene-wiesbaden.de\/#organization"},"image":{"@id":"https:\/\/gruene-wiesbaden.de\/stark-aufgestellt-fuer-wiesbaden-gruene-starten-mit-team-und-programm-in-den-wahlkampf\/#primaryimage"},"thumbnailUrl":"https:\/\/gruene-wiesbaden.de\/wp-content\/uploads\/2025\/11\/Post-Wahlprogramm-e1764229378933.png","articleSection":["Allgemein","Veranstaltungen","Wahlen"],"inLanguage":"bg-BG"},{"@type":"WebPage","@id":"https:\/\/gruene-wiesbaden.de\/stark-aufgestellt-fuer-wiesbaden-gruene-starten-mit-team-und-programm-in-den-wahlkampf\/","url":"https:\/\/gruene-wiesbaden.de\/stark-aufgestellt-fuer-wiesbaden-gruene-starten-mit-team-und-programm-in-den-wahlkampf\/","name":"Stark aufgestellt f\u00fcr Wiesbaden: GR\u00dcNE starten mit Team und Programm in den Wahlkampf - B\u00dcNDNIS 90\/DIE GR\u00dcNEN Wiesbaden","isPartOf":{"@id":"https:\/\/gruene-wiesbaden.de\/#website"},"primaryImageOfPage":{"@id":"https:\/\/gruene-wiesbaden.de\/stark-aufgestellt-fuer-wiesbaden-gruene-starten-mit-team-und-programm-in-den-wahlkampf\/#primaryimage"},"image":{"@id":"https:\/\/gruene-wiesbaden.de\/stark-aufgestellt-fuer-wiesbaden-gruene-starten-mit-team-und-programm-in-den-wahlkampf\/#primaryimage"},"thumbnailUrl":"https:\/\/gruene-wiesbaden.de\/wp-content\/uploads\/2025\/11\/Post-Wahlprogramm-e1764229378933.png","datePublished":"2025-11-27T07:45:08+00:00","breadcrumb":{"@id":"https:\/\/gruene-wiesbaden.de\/stark-aufgestellt-fuer-wiesbaden-gruene-starten-mit-team-und-programm-in-den-wahlkampf\/#breadcrumb"},"inLanguage":"bg-BG","potentialAction":[{"@type":"ReadAction","target":["https:\/\/gruene-wiesbaden.de\/stark-aufgestellt-fuer-wiesbaden-gruene-starten-mit-team-und-programm-in-den-wahlkampf\/"]}]},{"@type":"ImageObject","inLanguage":"bg-BG","@id":"https:\/\/gruene-wiesbaden.de\/stark-aufgestellt-fuer-wiesbaden-gruene-starten-mit-team-und-programm-in-den-wahlkampf\/#primaryimage","url":"https:\/\/gruene-wiesbaden.de\/wp-content\/uploads\/2025\/11\/Post-Wahlprogramm-e1764229378933.png","contentUrl":"https:\/\/gruene-wiesbaden.de\/wp-content\/uploads\/2025\/11\/Post-Wahlprogramm-e1764229378933.png","width":1132,"height":767},{"@type":"BreadcrumbList","@id":"https:\/\/gruene-wiesbaden.de\/stark-aufgestellt-fuer-wiesbaden-gruene-starten-mit-team-und-programm-in-den-wahlkampf\/#breadcrumb","itemListElement":[{"@type":"ListItem","position":1,"name":"Startseite","item":"https:\/\/gruene-wiesbaden.de\/"},{"@type":"ListItem","position":2,"name":"Stark aufgestellt f\u00fcr Wiesbaden: GR\u00dcNE starten mit Team und Programm in den Wahlkampf"}]},{"@type":"WebSite","@id":"https:\/\/gruene-wiesbaden.de\/#website","url":"https:\/\/gruene-wiesbaden.de\/","name":"DIE GR\u00dcNEN Wiesbaden","description":"","publisher":{"@id":"https:\/\/gruene-wiesbaden.de\/#organization"},"potentialAction":[{"@type":"SearchAction","target":{"@type":"EntryPoint","urlTemplate":"https:\/\/gruene-wiesbaden.de\/?s={search_term_string}"},"query-input":{"@type":"PropertyValueSpecification","valueRequired":true,"valueName":"search_term_string"}}],"inLanguage":"bg-BG"},{"@type":"Organization","@id":"https:\/\/gruene-wiesbaden.de\/#organization","name":"DIE GR\u00dcNEN Wiesbaden","url":"https:\/\/gruene-wiesbaden.de\/","logo":{"@type":"ImageObject","inLanguage":"bg-BG","@id":"https:\/\/gruene-wiesbaden.de\/#\/schema\/logo\/image\/","url":"https:\/\/gruene-wiesbaden-fuer-europa.de\/wp-content\/uploads\/2024\/04\/Machen-was-zaehlt-5.png","contentUrl":"https:\/\/gruene-wiesbaden-fuer-europa.de\/wp-content\/uploads\/2024\/04\/Machen-was-zaehlt-5.png","width":1772,"height":1772,"caption":"DIE GR\u00dcNEN Wiesbaden"},"image":{"@id":"https:\/\/gruene-wiesbaden.de\/#\/schema\/logo\/image\/"},"sameAs":["https:\/\/www.facebook.com\/gruene.wi","https:\/\/instagram.com\/gruene_wi"]},{"@type":"Person","@id":"https:\/\/gruene-wiesbaden.de\/#\/schema\/person\/6785c34779159cd4fd86886bb097afe9","name":"admin","sameAs":["http:\/\/gruene-wiesbaden-fuer-europa.de"],"url":"https:\/\/gruene-wiesbaden.de\/bg\/author\/admin\/"}]}},"_links":{"self":[{"href":"https:\/\/gruene-wiesbaden.de\/bg\/wp-json\/wp\/v2\/posts\/1647","targetHints":{"allow":["GET"]}}],"collection":[{"href":"https:\/\/gruene-wiesbaden.de\/bg\/wp-json\/wp\/v2\/posts"}],"about":[{"href":"https:\/\/gruene-wiesbaden.de\/bg\/wp-json\/wp\/v2\/types\/post"}],"author":[{"embeddable":true,"href":"https:\/\/gruene-wiesbaden.de\/bg\/wp-json\/wp\/v2\/users\/1"}],"replies":[{"embeddable":true,"href":"https:\/\/gruene-wiesbaden.de\/bg\/wp-json\/wp\/v2\/comments?post=1647"}],"version-history":[{"count":4,"href":"https:\/\/gruene-wiesbaden.de\/bg\/wp-json\/wp\/v2\/posts\/1647\/revisions"}],"predecessor-version":[{"id":1653,"href":"https:\/\/gruene-wiesbaden.de\/bg\/wp-json\/wp\/v2\/posts\/1647\/revisions\/1653"}],"wp:featuredmedia":[{"embeddable":true,"href":"https:\/\/gruene-wiesbaden.de\/bg\/wp-json\/wp\/v2\/media\/1650"}],"wp:attachment":[{"href":"https:\/\/gruene-wiesbaden.de\/bg\/wp-json\/wp\/v2\/media?parent=1647"}],"wp:term":[{"taxonomy":"category","embeddable":true,"href":"https:\/\/gruene-wiesbaden.de\/bg\/wp-json\/wp\/v2\/categories?post=1647"},{"taxonomy":"post_tag","embeddable":true,"href":"https:\/\/gruene-wiesbaden.de\/bg\/wp-json\/wp\/v2\/tags?post=1647"}],"curies":[{"name":"wp","href":"https:\/\/api.w.org\/{rel}","templated":true}]}}