{"id":702,"date":"2024-11-21T12:00:26","date_gmt":"2024-11-21T12:00:26","guid":{"rendered":"http:\/\/gruene-wiesbaden.de.w0207e8f.kasserver.com\/?p=702"},"modified":"2025-06-16T21:04:30","modified_gmt":"2025-06-16T21:04:30","slug":"katerinagarcia_neuervorstand","status":"publish","type":"post","link":"https:\/\/gruene-wiesbaden.de\/ar\/katerinagarcia_neuervorstand\/","title":{"rendered":"\u0627\u0644\u0623\u062e\u0636\u0631 \u064a\u0646\u062a\u062e\u0628 \u0643\u0627\u062a\u0631\u064a\u0646\u0627 \u063a\u0627\u0631\u0633\u064a\u0627 \u0643\u0645\u0631\u0634\u062d\u0629 \u0645\u0628\u0627\u0634\u0631\u0629 \u0644\u0627\u0646\u062a\u062e\u0627\u0628\u0627\u062a \u0627\u0644\u0628\u0648\u0646\u062f\u0633\u062a\u0627\u063a \u0648\u0645\u062c\u0644\u0633 \u062c\u062f\u064a\u062f"},"content":{"rendered":"<section class=\"l-section wpb_row height_medium\"><div class=\"l-section-h i-cf\"><div class=\"g-cols vc_row via_grid cols_1 laptops-cols_inherit tablets-cols_inherit mobiles-cols_1 valign_top type_default stacking_default\"><div class=\"wpb_column vc_column_container\"><div class=\"vc_column-inner\"><h2 class=\"w-post-elm post_title entry-title color_link_inherit\">\u0627\u0644\u0623\u062e\u0636\u0631 \u064a\u0646\u062a\u062e\u0628 \u0643\u0627\u062a\u0631\u064a\u0646\u0627 \u063a\u0627\u0631\u0633\u064a\u0627 \u0643\u0645\u0631\u0634\u062d\u0629 \u0645\u0628\u0627\u0634\u0631\u0629 \u0644\u0627\u0646\u062a\u062e\u0627\u0628\u0627\u062a \u0627\u0644\u0628\u0648\u0646\u062f\u0633\u062a\u0627\u063a \u0648\u0645\u062c\u0644\u0633 \u062c\u062f\u064a\u062f<\/h2><div class=\"w-post-elm post_image\"><img loading=\"lazy\" decoding=\"async\" width=\"1762\" height=\"1174\" src=\"https:\/\/gruene-wiesbaden.de\/wp-content\/uploads\/2025\/03\/Bildschirmfoto-2025-06-16-um-23.03.22.png\" class=\"attachment-full size-full wp-post-image\" alt=\"\" srcset=\"https:\/\/gruene-wiesbaden.de\/wp-content\/uploads\/2025\/03\/Bildschirmfoto-2025-06-16-um-23.03.22.png 1762w, https:\/\/gruene-wiesbaden.de\/wp-content\/uploads\/2025\/03\/Bildschirmfoto-2025-06-16-um-23.03.22-400x267.png 400w, https:\/\/gruene-wiesbaden.de\/wp-content\/uploads\/2025\/03\/Bildschirmfoto-2025-06-16-um-23.03.22-600x400.png 600w\" sizes=\"auto, (max-width: 1762px) 100vw, 1762px\" \/><\/div><div class=\"w-separator size_medium\"><\/div><div class=\"wpb_text_column\"><div class=\"wpb_wrapper\"><p>\u0627\u0646\u062a\u062e\u0628 B\u00fcndnis 90 \/ DE GR\u00dcNEN \u0645\u0631\u0634\u062d\u0647\u0645 \u0627\u0644\u0645\u0628\u0627\u0634\u0631 \u0644\u0644\u0627\u0646\u062a\u062e\u0627\u0628\u0627\u062a \u0627\u0644\u0641\u064a\u062f\u0631\u0627\u0644\u064a\u0629 \u0627\u0644\u0645\u0628\u0643\u0631\u0629 \u0641\u064a \u0641\u0628\u0631\u0627\u064a\u0631 \u060c \u0628\u0627\u0644\u0625\u0636\u0627\u0641\u0629 \u0625\u0644\u0649 \u0645\u062c\u0644\u0633 \u0645\u0642\u0627\u0637\u0639\u0629 \u062c\u062f\u064a\u062f \u060c \u0641\u064a \u062c\u0645\u0639\u064a\u062a\u0647\u0645 \u0627\u0644\u0639\u0627\u0645\u0629 \u0645\u0633\u0627\u0621 20.11.2024.<\/p>\n<p><strong>\u0643\u0627\u062a\u0631\u064a\u0646\u0627 \u063a\u0627\u0631\u0633\u064a\u0627 \u062a\u0631\u0634\u062d \u0644\u0648\u0644\u0627\u064a\u0629 \u0641\u064a\u0633\u0628\u0627\u062f\u0646 \u0627\u0644\u0645\u0628\u0627\u0634\u0631\u0629<\/strong><\/p>\n<p>\u062a\u0645 \u0627\u0646\u062a\u062e\u0627\u0628 \u0643\u0627\u062a\u0631\u064a\u0646\u0627 \u063a\u0627\u0631\u0633\u064a\u0627 \u0643\u0645\u0631\u0634\u062d\u0629 \u0645\u0628\u0627\u0634\u0631\u0629 \u0644\u0644\u0627\u0646\u062a\u062e\u0627\u0628\u0627\u062a \u0627\u0644\u0641\u064a\u062f\u0631\u0627\u0644\u064a\u0629. \u0641\u0627\u0632\u062a \u0641\u064a \u0627\u0644\u062c\u0648\u0644\u0629 \u0627\u0644\u0623\u0648\u0644\u0649 \u0636\u062f \u0645\u0646\u0627\u0641\u0633\u0647\u0627 \u062f\u064a\u0644\u064a\u0643 \u0623\u0648\u0632\u0643\u0627\u0646. \u0623\u0631\u064a\u062f \u0623\u0646 \u0623\u0645\u062b\u0644 \u0641\u064a\u0633\u0628\u0627\u062f\u0646 \u0641\u064a \u0627\u0644\u0628\u0648\u0646\u062f\u0633\u062a\u0627\u063a \u0627\u0644\u0623\u0644\u0645\u0627\u0646\u064a \u0628\u0627\u0644\u0637\u0627\u0642\u0629 \u0627\u0644\u062c\u062f\u064a\u062f\u0629 \u0648\u0627\u0644\u0623\u0647\u062f\u0627\u0641 \u0627\u0644\u0648\u0627\u0636\u062d\u0629 \u0648\u0623\u0646 \u0623\u062c\u0639\u0644 \u0623\u0644\u0645\u0627\u0646\u064a\u0627 \u0645\u0631\u0629 \u0623\u062e\u0631\u0649 \u062f\u0648\u0644\u0629 \u062a\u0631\u0645\u0632 \u0625\u0644\u0649 \u0633\u064a\u0627\u0633\u0629 \u0645\u0628\u062a\u0643\u0631\u0629 \u0648\u0645\u0633\u062a\u062f\u0627\u0645\u0629 \u0648\u0639\u0627\u062f\u0644\u0629. \u0641\u064a \u0627\u0644\u0648\u0642\u062a \u0627\u0644\u062d\u0627\u0644\u064a \u060c \u0639\u0646\u062f\u0645\u0627 \u064a\u062d\u0627\u0648\u0644 \u0627\u0644\u0634\u0639\u0628\u0648\u064a\u0648\u0646 \u0643\u0633\u0628 \u0642\u0648\u0629 \u0627\u0644\u0631\u0623\u064a \u060c \u0646\u062d\u062a\u0627\u062c \u0625\u0644\u0649 \u0627\u0644\u0639\u0645\u0644 \u0645\u0639\u064b\u0627 \u0644\u0628\u0646\u0627\u0621 \u0645\u062c\u062a\u0645\u0639 \u062d\u064a\u062b \u064a\u0645\u0643\u0646 \u0644\u0644\u062c\u0645\u064a\u0639 \u0627\u0644\u0627\u0632\u062f\u0647\u0627\u0631 \u0648\u062d\u064a\u062b \u062a\u0633\u064a\u0631 \u0627\u0644\u0639\u062f\u0627\u0644\u0629 \u0627\u0644\u0627\u062c\u062a\u0645\u0627\u0639\u064a\u0629 \u0648\u0627\u0644\u0646\u062c\u0627\u062d \u0627\u0644\u0627\u0642\u062a\u0635\u0627\u062f\u064a \u0648\u062d\u0645\u0627\u064a\u0629 \u0627\u0644\u0628\u064a\u0626\u0629 \u062c\u0646\u0628\u064b\u0627 \u0625\u0644\u0649 \u062c\u0646\u0628. \u0643\u0627\u062a\u0631\u064a\u0646\u0627 \u063a\u0627\u0631\u0633\u064a\u0627 \u062a\u0628\u0644\u063a \u0645\u0646 \u0627\u0644\u0639\u0645\u0631 43 \u0639\u0627\u0645\u064b\u0627 \u060c \u0648\u062f\u0631\u0633\u062a \u0627\u0644\u0642\u0627\u0646\u0648\u0646 \u0648\u0627\u0644\u0627\u0642\u062a\u0635\u0627\u062f \u0648\u062a\u0639\u0645\u0644 \u062d\u0627\u0644\u064a\u064b\u0627 \u0643\u0631\u0626\u064a\u0633\u0629 \u0644\u0644\u0627\u0642\u062a\u0635\u0627\u062f \u0648\u0627\u0644\u0634\u0624\u0648\u0646 \u0627\u0644\u0631\u0642\u0645\u064a\u0629 \u0641\u064a \u0645\u0643\u062a\u0628 \u0627\u0644\u0639\u0645\u062f\u0629 \u0643\u0631\u064a\u0633\u062a\u064a\u0627\u0646 \u0647\u064a\u0646\u063a\u0631 \u0641\u064a \u0645\u062f\u064a\u0646\u0629 \u0641\u064a\u0633\u0628\u0627\u062f\u0646.<\/p>\n<p><strong>\u0631\u064a\u0628\u064a\u0643\u0627 \u062a\u0648\u0645\u0627\u0633 \u0648\u062f\u0627\u0646\u064a\u0627\u0644 \u0634\u0645\u064a\u062a \u0644\u0642\u064a\u0627\u062f\u0629 \u0645\u062c\u0644\u0633 \u0625\u062f\u0627\u0631\u0629 \u062c\u062f\u064a\u062f<\/strong><\/p>\n<p>\u0628\u0627\u0644\u0625\u0636\u0627\u0641\u0629 \u0625\u0644\u0649 \u0627\u0644\u062a\u0631\u0634\u064a\u062d \u0627\u0644\u0645\u0628\u0627\u0634\u0631 \u060c \u062a\u0645 \u0627\u0646\u062a\u062e\u0627\u0628 \u0645\u062c\u0644\u0633 \u0645\u0642\u0627\u0637\u0639\u0629 \u062c\u062f\u064a\u062f \u0628\u062f\u0648\u0631\u0647. \u0627\u0644\u0631\u0626\u064a\u0633 \u0627\u0644\u062c\u062f\u064a\u062f \u0643\u0627\u0646 \u0631\u064a\u0628\u064a\u0643\u0627 \u062a\u0648\u0645\u0627\u0633 \u0645\u0646 90.2% \u062f\u0627\u0646\u064a\u0627\u0644 \u0634\u0645\u064a\u062a \u0645\u0646 94.9% \u0648\u0627\u0646\u062a\u062e\u0628 \u0627\u0644\u0623\u0639\u0636\u0627\u0621 \u0627\u0644\u062d\u0627\u0636\u0631\u0648\u0646. \u0643\u0627\u0646 \u0643\u0644\u0627\u0647\u0645\u0627 \u0628\u0627\u0644\u0641\u0639\u0644 \u0623\u0639\u0636\u0627\u0621 \u0641\u064a \u0627\u0644\u0645\u062c\u0644\u0633 \u0627\u0644\u0633\u0627\u0628\u0642 \u0643\u0634\u0631\u0643\u0627\u0621. \"\u0628\u0635\u0641\u062a\u064a \u0631\u0626\u064a\u0633\u064b\u0627 \u0645\u0634\u0627\u0631\u0643\u064b\u0627 \u0644\u062c\u0645\u0639\u064a\u0629 \u0627\u0644\u0645\u0642\u0627\u0637\u0639\u0629 \u060c \u0623\u0648\u062f \u0623\u0646 \u0623\u0633\u0627\u0647\u0645 \u0641\u064a \u062a\u0647\u064a\u0626\u0629 \u0627\u0644\u0638\u0631\u0648\u0641 \u0644\u062c\u0645\u0639\u064a\u0629 \u0645\u062d\u0644\u064a\u0629 \u0646\u0627\u0628\u0636\u0629 \u0628\u0627\u0644\u062d\u064a\u0627\u0629 \u064a\u062a\u0645 \u0641\u064a\u0647\u0627 \u062a\u0642\u062f\u064a\u0631 \u0627\u0644\u0645\u0646\u0627\u0642\u0634\u0627\u062a \u062d\u0648\u0644 \u0627\u0644\u0642\u0636\u064a\u0629 \u060c \u0648\u0627\u0644\u062a\u064a \u064a\u0646\u0634\u0637 \u0641\u064a\u0647\u0627 \u0627\u0644\u0623\u0639\u0636\u0627\u0621 \u0644\u0623\u0646\u0647\u0645 \u064a\u0633\u062a\u0637\u064a\u0639\u0648\u0646 \u0627\u0644\u0645\u0634\u0627\u0631\u0643\u0629 \u060c \u0644\u0623\u0646\u0647\u0645 \u064a\u0634\u0639\u0631\u0648\u0646 \u0623\u0646\u0647\u0645 \u062c\u0632\u0621 \u0645\u0646 \u0645\u062c\u062a\u0645\u0639 \u060c \u0644\u0623\u0646 \u0644\u062f\u064a\u0647\u0645 \u0627\u0644\u0641\u0631\u0635\u0629 \u0644\u0644\u0627\u0646\u062e\u0631\u0627\u0637 \u0641\u064a \u0643\u0641\u0627\u0621\u0627\u062a\u0647\u0645 \u0648\u0627\u0643\u062a\u0634\u0627\u0641 \u0645\u0648\u0627\u0647\u0628 \u062c\u062f\u064a\u062f\u0629\" \u060c \u0642\u0627\u0644\u062a \u0631\u064a\u0628\u064a\u0643\u0627 \u062a\u0648\u0645\u0627\u0633 \u0631\u0626\u064a\u0633\u0629 \u062c\u062f\u064a\u062f\u0629. \u0645\u0639 \u0627\u0644\u0627\u0646\u062a\u062e\u0627\u0628\u0627\u062a \u0627\u0644\u0641\u064a\u062f\u0631\u0627\u0644\u064a\u0629 \u0627\u0644\u0645\u0628\u0643\u0631\u0629 \u0648\u0627\u0644\u0627\u0646\u062a\u062e\u0627\u0628\u0627\u062a \u0627\u0644\u0628\u0644\u062f\u064a\u0629 \u0648\u0627\u0644\u0627\u0646\u062a\u062e\u0627\u0628\u0627\u062a \u0627\u0644\u0645\u062d\u0644\u064a\u0629 \u0627\u0644\u0645\u0642\u0628\u0644\u0629 \u0641\u064a \u0639\u0627\u0645 2026 \u060c \u0646\u0648\u0627\u062c\u0647 \u062a\u062d\u062f\u064a\u0627\u062a \u0643\u0628\u064a\u0631\u0629. \u0648\u0623\u0648\u062f \u0623\u0646 \u0623\u0639\u0637\u064a \u0643\u0644 \u0639\u0636\u0648 \u062a\u0648\u062c\u064a\u0647\u0627 \u0628\u0634\u0623\u0646 \u0645\u0627 \u0646\u0631\u064a\u062f \u062a\u062d\u0642\u064a\u0642\u0647 \u0648\u0643\u064a\u0641 \u064a\u0645\u0643\u0646 \u0644\u0623\u0639\u0636\u0627\u0626\u0646\u0627 \u0623\u0646 \u064a\u0633\u0627\u0647\u0645\u0648\u0627 \u0628\u0634\u0643\u0644 \u0641\u0631\u062f\u064a. \u0623\u0631\u0649 \u062c\u0645\u0639\u064a\u0629 \u0645\u0646\u0637\u0642\u062a\u0646\u0627 \u0643\u0634\u0628\u0643\u0629 \u062a\u0639\u064a\u0634 \u0642\u064a\u0645\u0646\u0627 \u0648\u0644\u0627 \u062a\u0632\u0627\u0644 \u0642\u0627\u062f\u0631\u0629 \u0639\u0644\u0649 \u0643\u0633\u0628 \u0627\u0644\u0643\u062b\u064a\u0631 \u0645\u0646 \u0627\u0644\u0642\u0648\u0629\" \u060c \u064a\u0636\u064a\u0641 \u0627\u0644\u0631\u0626\u064a\u0633 \u0627\u0644\u0645\u0634\u0627\u0631\u0643 \u062f\u0627\u0646\u064a\u0627\u0644 \u0634\u0645\u064a\u062a.\u00a0 \u0648\u0643\u0627\u0646 \u0627\u0644\u0623\u0639\u0636\u0627\u0621 \u0627\u0644\u0622\u062e\u0631\u0648\u0646 \u062c\u064a\u0631\u0627\u0644\u062f \u0643\u0631\u064a\u0633\u062a\u0648\u0641 \u062f\u0648\u0631\u0634 \u0623\u0645\u064a\u0646 \u0627\u0644\u0635\u0646\u062f\u0648\u0642\u060c \u0648\u0643\u0630\u0644\u0643 \u0645\u0627\u0631\u062a\u0627 \u0645\u0648\u0646\u064a\u0641\u0627\u060c \u0648\u0644\u0627\u0631\u064a\u0633\u0627 \u0631\u064a\u0633\u060c \u0648\u0623\u0648\u0644\u064a\u0641\u0631 \u0631\u0627\u0648\u062f\u064a\u0632 \u0643\u0645\u0642\u064a\u0645\u064a\u0646.<\/p>\n<p><strong>\u0627\u0644\u0631\u0624\u0633\u0627\u0621 \u0627\u0644\u0633\u0627\u0628\u0642\u0648\u0646 \u064a\u0642\u0648\u0644\u0648\u0646 \u0648\u062f\u0627\u0639\u0627\u064b<\/strong><\/p>\n<p>\u0648\u0644\u0645 \u064a\u062a\u0631\u0634\u062d \u0627\u0644\u0631\u0626\u064a\u0633\u0627\u0646 \u0627\u0644\u0633\u0627\u0628\u0642\u0627\u0646 \u0623\u0648\u062a\u0627 \u0628\u0631\u064a\u0645 \u0648\u0645\u0627\u062b\u064a\u0627\u0633 \u0641\u0627\u063a\u0646\u0631 \u0644\u0625\u0639\u0627\u062f\u0629 \u0627\u0646\u062a\u062e\u0627\u0628\u0647\u0645\u0627. \u0644\u0642\u062f \u0643\u0627\u0646\u062a \u0627\u0644\u0633\u0646\u0648\u0627\u062a \u0627\u0644\u0623\u0631\u0628\u0639 \u0627\u0644\u0645\u0627\u0636\u064a\u0629 \u0643\u0631\u0626\u064a\u0633 \u0644\u0644\u0645\u0646\u0637\u0642\u0629 \u0648\u0642\u062a\u064b\u0627 \u062c\u064a\u062f\u064b\u0627 \u0648\u0646\u0627\u062c\u062d\u064b\u0627. \u0648\u0642\u062f \u0632\u0627\u062f \u0639\u062f\u062f \u0627\u0644\u0623\u0639\u0636\u0627\u0621. \u0627\u0644\u062e\u0636\u0631 \u0647\u0645 \u062b\u0627\u0646\u064a \u0623\u0642\u0648\u0649 \u0642\u0648\u0629 \u0641\u064a \u0628\u0631\u0644\u0645\u0627\u0646 \u0627\u0644\u0645\u062f\u064a\u0646\u0629. \u0646\u062d\u0646 \u0627\u0644\u0639\u0645\u062f\u0629 \u0644\u0623\u0648\u0644 \u0645\u0631\u0629 \u0648\u0646\u0648\u0627\u0635\u0644 \u062a\u0645\u062b\u064a\u0644 \u0648\u0632\u0627\u0631\u0629 \u0627\u0644\u0628\u0646\u0627\u0621 \u0648\u0627\u0644\u0646\u0642\u0644. \u0641\u064a \u0628\u0631\u0644\u0645\u0627\u0646 \u0648\u0644\u0627\u064a\u0629 \u0647\u064a\u0633\u064a\u0627\u0646 \u060c \u064a\u062a\u0645 \u062a\u0645\u062b\u064a\u0644 \u0641\u064a\u0633\u0628\u0627\u062f\u0646 \u0645\u0646 \u0642\u0628\u0644 \u0627\u062b\u0646\u064a\u0646 \u0645\u0646 \u0627\u0644\u0646\u0648\u0627\u0628 \u0627\u0644\u0623\u062e\u0636\u0631 \u060c \u0644\u0627\u0631\u0627 \u0643\u0644\u0627\u064a\u0633 \u0648\u0623\u0646\u0627. \u0648\u0623\u0633\u0641\u0631\u062a \u0627\u0646\u062a\u062e\u0627\u0628\u0627\u062a \u0627\u0644\u0648\u0644\u0627\u064a\u0629 \u0627\u0644\u0623\u062e\u064a\u0631\u0629 \u0639\u0646 \u062a\u063a\u064a\u064a\u0631 \u0645\u0646 \u0627\u0644\u062d\u0643\u0648\u0645\u0629 \u0625\u0644\u0649 \u0627\u0644\u0645\u0639\u0627\u0631\u0636\u0629 \u0628\u0627\u0644\u0646\u0633\u0628\u0629 \u0644\u0646\u0627. \u0648\u0647\u0630\u0627 \u064a\u062c\u0644\u0628 \u0645\u0647\u0627\u0645 \u0648\u062a\u062d\u062f\u064a\u0627\u062a \u062c\u062f\u064a\u062f\u0629 \u0644\u0644\u062e\u0636\u0631 \u0641\u064a \u0628\u0631\u0644\u0645\u0627\u0646 \u0627\u0644\u0648\u0644\u0627\u064a\u0629. \u0628\u0635\u0641\u062a\u064a \u0631\u0626\u064a\u0633 \u0645\u062c\u0645\u0648\u0639\u062a\u0647\u0645 \u060c \u0623\u0648\u062f \u0623\u0646 \u0623\u0631\u0643\u0632 \u0639\u0644\u0649 \u0647\u0630\u0627 \u0641\u064a \u0627\u0644\u0645\u0633\u062a\u0642\u0628\u0644 \u0627\u0644\u0642\u0631\u064a\u0628 \u060c \u0648\u0628\u0627\u0644\u062a\u0627\u0644\u064a \u0644\u0645 \u0623\u0639\u062f \u0631\u0626\u064a\u0633\u064b\u0627 \u0644\u0644\u0645\u0646\u0637\u0642\u0629 \"\u060c \u064a\u0648\u0636\u062d \u0641\u0627\u063a\u0646\u0631 \u0642\u0631\u0627\u0631\u0647.<\/p>\n<p>\u0639\u0644\u0649 \u0645\u062f\u0649 \u0627\u0644\u0633\u0646\u0648\u0627\u062a \u0627\u0644\u0633\u062a \u0627\u0644\u0645\u0627\u0636\u064a\u0629 \u0643\u0631\u0626\u064a\u0633 \u0644\u0644\u0645\u0642\u0627\u0637\u0639\u0629 \u060c \u0643\u0627\u0646 \u0645\u0646 \u062f\u0648\u0627\u0639\u064a \u0642\u0644\u0642\u064a \u062f\u0627\u0626\u0645\u064b\u0627 \u0623\u0646 \u0623\u0642\u0648\u062f \u062c\u0645\u0639\u064a\u0629 \u0627\u0644\u0645\u0642\u0627\u0637\u0639\u0629 \u062f\u0627\u062e\u0644\u064a\u064b\u0627 \u0648\u062e\u0627\u0631\u062c\u064a\u064b\u0627 \u0628\u0648\u0636\u0648\u062d \u0633\u064a\u0627\u0633\u064a \u0648\u0639\u062f\u0645 \u062d\u0645\u0627\u0633\u0629 \u060c \u0628\u0627\u0644\u0625\u0636\u0627\u0641\u0629 \u0625\u0644\u0649 \u0627\u0644\u0627\u0644\u062a\u0632\u0627\u0645 \u0627\u0644\u0634\u062e\u0635\u064a \u0648\u0627\u0644\u062a\u0636\u0627\u0645\u0646. \u064a\u0633\u0631\u0646\u064a \u0623\u0646\u0646\u064a \u062a\u0645\u0643\u0646\u062a \u0641\u064a \u0627\u0644\u0633\u0646\u0648\u0627\u062a \u0627\u0644\u0623\u062e\u064a\u0631\u0629 \u0645\u0646 \u0627\u0644\u0645\u0633\u0627\u0647\u0645\u0629 \u0641\u064a \u0646\u062c\u0627\u062d\u0627\u062a \u062d\u0632\u0628\u0646\u0627 \u0648\u062a\u0631\u0633\u064a\u062e\u0646\u0627 \u0641\u064a \u0627\u0644\u0645\u062c\u062a\u0645\u0639 \u0627\u0644\u062d\u0636\u0631\u064a. \u0648\u0645\u0639 \u0630\u0644\u0643\u060c \u0641\u0625\u0646 \u0631\u0626\u0627\u0633\u0629 \u0627\u0644\u062d\u0632\u0628\u060c \u0645\u062b\u0644 \u062c\u0645\u064a\u0639 \u0627\u0644\u0645\u0646\u0627\u0635\u0628 \u0648\u0627\u0644\u0648\u0638\u0627\u0626\u0641 \u0627\u0644\u0633\u064a\u0627\u0633\u064a\u0629 \u062a\u0642\u0631\u064a\u0628\u0627 \u0639\u0644\u0649 \u0645\u0633\u062a\u0648\u0649 \u0627\u0644\u0628\u0644\u062f\u064a\u0627\u062a\u060c \u0647\u064a \u0645\u0646\u0635\u0628 \u0641\u062e\u0631\u064a \u064a\u0633\u062a\u063a\u0631\u0642 \u0648\u0642\u062a\u0627 \u0637\u0648\u064a\u0644\u0627 \u062c\u062f\u0627. \u062a\u062a\u0637\u0644\u0628 \u0645\u0647\u0646\u062a\u064a \u0627\u0644\u064a\u0648\u0645 \u0627\u0644\u062a\u0632\u0627\u0645\u064b\u0627 \u0632\u0645\u0646\u064a\u064b\u0627 \u0623\u0643\u0628\u0631 \u0628\u0643\u062b\u064a\u0631 \u0645\u0645\u0627 \u0643\u0627\u0646 \u0639\u0644\u064a\u0647 \u0641\u064a \u0627\u0644\u0645\u0627\u0636\u064a \u060c \u0648\u0627\u0644\u0630\u064a \u0623\u0648\u062f \u0623\u0646 \u0623\u0643\u0631\u0633 \u0627\u0644\u0645\u0632\u064a\u062f \u0645\u0646 \u0627\u0644\u0648\u0642\u062a \u0644\u0647. \u0645\u062b\u0644 \u0645\u0627\u062a\u064a\u0627\u0633 \u0641\u0627\u063a\u0646\u0631 \u060c \u0623\u0646\u0638\u0631 \u0625\u0644\u0649 \u0627\u0644\u0648\u0631\u0627\u0621 \u0628\u0627\u0645\u062a\u0646\u0627\u0646 \u0643\u0628\u064a\u0631 \u0639\u0644\u0649 \u0627\u0644\u0627\u062a\u0635\u0627\u0644\u0627\u062a \u0648\u0627\u0644\u062e\u0628\u0631\u0627\u062a \u0641\u064a \u0627\u0644\u0633\u0646\u0648\u0627\u062a \u0627\u0644\u0645\u0627\u0636\u064a\u0629 \u060c \u0648\u0646\u062a\u0645\u0646\u0649 \u0644\u0631\u0624\u0633\u0627\u0621 \u0627\u0644\u0645\u0646\u0637\u0642\u0629 \u0627\u0644\u062c\u062f\u062f \u0643\u0644 \u0627\u0644\u062a\u0648\u0641\u064a\u0642 \u0648\u0627\u0644\u0646\u062c\u0627\u062d\".<\/p>\n<\/div><\/div><\/div><\/div><\/div><\/div><\/section>","protected":false},"excerpt":{"rendered":"\u062a\u0646\u062a\u062e\u0628 \u0627\u0644\u062e\u0636\u0631 \u0643\u0627\u062a\u0631\u064a\u0646\u0627 \u063a\u0627\u0631\u0633\u064a\u0627 \u0643\u0645\u0631\u0634\u062d\u0629 \u0645\u0628\u0627\u0634\u0631\u0629 \u0644\u0644\u0627\u0646\u062a\u062e\u0627\u0628\u0627\u062a \u0627\u0644\u0641\u064a\u062f\u0631\u0627\u0644\u064a\u0629 \u0648\u0627\u0646\u062a\u062e\u0628\u062a \u062a\u062d\u0627\u0644\u0641 \u0645\u062c\u0644\u0633 \u0627\u0644\u0625\u062f\u0627\u0631\u0629 \u0627\u0644\u062c\u062f\u064a\u062f 90 \/ The Greens \u0645\u0631\u0634\u062d\u0647\u0627 \u0627\u0644\u0645\u0628\u0627\u0634\u0631 \u0644\u0644\u0627\u0646\u062a\u062e\u0627\u0628\u0627\u062a \u0627\u0644\u0641\u064a\u062f\u0631\u0627\u0644\u064a\u0629 \u0627\u0644\u0645\u0628\u0643\u0631\u0629 \u0641\u064a \u0641\u0628\u0631\u0627\u064a\u0631 \u060c \u0628\u0627\u0644\u0625\u0636\u0627\u0641\u0629 \u0625\u0644\u0649 \u0645\u062c\u0644\u0633 \u0645\u0642\u0627\u0637\u0639\u0629 \u062c\u062f\u064a\u062f \u060c \u0641\u064a \u062c\u0645\u0639\u064a\u062a\u0647\u0645 \u0627\u0644\u0639\u0627\u0645\u0629 \u0645\u0633\u0627\u0621 20.11.2024. \u0643\u0627\u062a\u0631\u064a\u0646\u0627 \u063a\u0627\u0631\u0633\u064a\u0627 \u062a\u0631\u0634\u062d\u062a \u0644\u0641\u064a\u0633\u0628\u0627\u0646\u062f\u0631 \u062f\u064a\u0631\u064a\u0643\u062a\u0645\u0627\u0646\u062f\u0627\u062a \u0643\u0627\u062a\u0631\u064a\u0646\u0627 \u063a\u0627\u0631\u0633\u064a\u0627 \u062a\u0645 \u0627\u0646\u062a\u062e\u0627\u0628\u0647\u0627 \u0643\u0645\u0631\u0634\u062d\u0629 \u0645\u0628\u0627\u0634\u0631\u0629 \u0644\u0644\u0627\u0646\u062a\u062e\u0627\u0628\u0627\u062a \u0627\u0644\u0641\u064a\u062f\u0631\u0627\u0644\u064a\u0629. \u202b\u062c\u0644\u0633\u062a... \u202c","protected":false},"author":1,"featured_media":931,"comment_status":"closed","ping_status":"closed","sticky":false,"template":"","format":"standard","meta":{"footnotes":""},"categories":[5],"tags":[],"class_list":["post-702","post","type-post","status-publish","format-standard","has-post-thumbnail","hentry","category-wahlen"],"yoast_head":"<!-- This site is optimized with the Yoast SEO plugin v27.5 - https:\/\/yoast.com\/product\/yoast-seo-wordpress\/ -->\n<title>GR\u00dcNE w\u00e4hlen Katerina Garcia als Direktkandidatin zur Bundestagswahl und einen neuen Vorstand - B\u00dcNDNIS 90\/DIE GR\u00dcNEN Wiesbaden<\/title>\n<meta name=\"robots\" content=\"index, follow, max-snippet:-1, max-image-preview:large, max-video-preview:-1\" \/>\n<link rel=\"canonical\" href=\"https:\/\/gruene-wiesbaden.de\/ar\/katerinagarcia_neuervorstand\/\" \/>\n<meta property=\"og:locale\" content=\"ar_AR\" \/>\n<meta property=\"og:type\" content=\"article\" \/>\n<meta property=\"og:title\" content=\"GR\u00dcNE w\u00e4hlen Katerina Garcia als Direktkandidatin zur Bundestagswahl und einen neuen Vorstand - B\u00dcNDNIS 90\/DIE GR\u00dcNEN Wiesbaden\" \/>\n<meta property=\"og:url\" content=\"https:\/\/gruene-wiesbaden.de\/ar\/katerinagarcia_neuervorstand\/\" \/>\n<meta property=\"og:site_name\" content=\"B\u00dcNDNIS 90\/DIE GR\u00dcNEN Wiesbaden\" \/>\n<meta property=\"article:publisher\" content=\"https:\/\/www.facebook.com\/gruene.wi\" \/>\n<meta property=\"article:published_time\" content=\"2024-11-21T12:00:26+00:00\" \/>\n<meta property=\"article:modified_time\" content=\"2025-06-16T21:04:30+00:00\" \/>\n<meta property=\"og:image\" content=\"https:\/\/gruene-wiesbaden.de\/wp-content\/uploads\/2025\/03\/Bildschirmfoto-2025-06-16-um-23.03.22-600x400.png\" \/>\n\t<meta property=\"og:image:width\" content=\"600\" \/>\n\t<meta property=\"og:image:height\" content=\"400\" \/>\n\t<meta property=\"og:image:type\" content=\"image\/png\" \/>\n<meta name=\"author\" content=\"admin\" \/>\n<meta name=\"twitter:card\" content=\"summary_large_image\" \/>\n<meta name=\"twitter:label1\" content=\"\u0643\u064f\u062a\u0628 \u0628\u0648\u0627\u0633\u0637\u0629\" \/>\n\t<meta name=\"twitter:data1\" content=\"admin\" \/>\n\t<meta name=\"twitter:label2\" content=\"\u0648\u0642\u062a \u0627\u0644\u0642\u0631\u0627\u0621\u0629 \u0627\u0644\u0645\u064f\u0642\u062f\u0651\u0631\" \/>\n\t<meta name=\"twitter:data2\" content=\"4 minutes\" \/>\n<script type=\"application\/ld+json\" class=\"yoast-schema-graph\">{\"@context\":\"https:\\\/\\\/schema.org\",\"@graph\":[{\"@type\":\"Article\",\"@id\":\"https:\\\/\\\/gruene-wiesbaden.de\\\/katerinagarcia_neuervorstand\\\/#article\",\"isPartOf\":{\"@id\":\"https:\\\/\\\/gruene-wiesbaden.de\\\/katerinagarcia_neuervorstand\\\/\"},\"author\":{\"name\":\"admin\",\"@id\":\"https:\\\/\\\/gruene-wiesbaden.de\\\/#\\\/schema\\\/person\\\/6785c34779159cd4fd86886bb097afe9\"},\"headline\":\"GR\u00dcNE w\u00e4hlen Katerina Garcia als Direktkandidatin zur Bundestagswahl und einen neuen Vorstand\",\"datePublished\":\"2024-11-21T12:00:26+00:00\",\"dateModified\":\"2025-06-16T21:04:30+00:00\",\"mainEntityOfPage\":{\"@id\":\"https:\\\/\\\/gruene-wiesbaden.de\\\/katerinagarcia_neuervorstand\\\/\"},\"wordCount\":679,\"publisher\":{\"@id\":\"https:\\\/\\\/gruene-wiesbaden.de\\\/#organization\"},\"image\":{\"@id\":\"https:\\\/\\\/gruene-wiesbaden.de\\\/katerinagarcia_neuervorstand\\\/#primaryimage\"},\"thumbnailUrl\":\"https:\\\/\\\/gruene-wiesbaden.de\\\/wp-content\\\/uploads\\\/2025\\\/03\\\/Bildschirmfoto-2025-06-16-um-23.03.22.png\",\"articleSection\":[\"Wahlen\"],\"inLanguage\":\"ar\"},{\"@type\":\"WebPage\",\"@id\":\"https:\\\/\\\/gruene-wiesbaden.de\\\/katerinagarcia_neuervorstand\\\/\",\"url\":\"https:\\\/\\\/gruene-wiesbaden.de\\\/katerinagarcia_neuervorstand\\\/\",\"name\":\"GR\u00dcNE w\u00e4hlen Katerina Garcia als Direktkandidatin zur Bundestagswahl und einen neuen Vorstand - B\u00dcNDNIS 90\\\/DIE GR\u00dcNEN Wiesbaden\",\"isPartOf\":{\"@id\":\"https:\\\/\\\/gruene-wiesbaden.de\\\/#website\"},\"primaryImageOfPage\":{\"@id\":\"https:\\\/\\\/gruene-wiesbaden.de\\\/katerinagarcia_neuervorstand\\\/#primaryimage\"},\"image\":{\"@id\":\"https:\\\/\\\/gruene-wiesbaden.de\\\/katerinagarcia_neuervorstand\\\/#primaryimage\"},\"thumbnailUrl\":\"https:\\\/\\\/gruene-wiesbaden.de\\\/wp-content\\\/uploads\\\/2025\\\/03\\\/Bildschirmfoto-2025-06-16-um-23.03.22.png\",\"datePublished\":\"2024-11-21T12:00:26+00:00\",\"dateModified\":\"2025-06-16T21:04:30+00:00\",\"breadcrumb\":{\"@id\":\"https:\\\/\\\/gruene-wiesbaden.de\\\/katerinagarcia_neuervorstand\\\/#breadcrumb\"},\"inLanguage\":\"ar\",\"potentialAction\":[{\"@type\":\"ReadAction\",\"target\":[\"https:\\\/\\\/gruene-wiesbaden.de\\\/katerinagarcia_neuervorstand\\\/\"]}]},{\"@type\":\"ImageObject\",\"inLanguage\":\"ar\",\"@id\":\"https:\\\/\\\/gruene-wiesbaden.de\\\/katerinagarcia_neuervorstand\\\/#primaryimage\",\"url\":\"https:\\\/\\\/gruene-wiesbaden.de\\\/wp-content\\\/uploads\\\/2025\\\/03\\\/Bildschirmfoto-2025-06-16-um-23.03.22.png\",\"contentUrl\":\"https:\\\/\\\/gruene-wiesbaden.de\\\/wp-content\\\/uploads\\\/2025\\\/03\\\/Bildschirmfoto-2025-06-16-um-23.03.22.png\",\"width\":1762,\"height\":1174},{\"@type\":\"BreadcrumbList\",\"@id\":\"https:\\\/\\\/gruene-wiesbaden.de\\\/katerinagarcia_neuervorstand\\\/#breadcrumb\",\"itemListElement\":[{\"@type\":\"ListItem\",\"position\":1,\"name\":\"Startseite\",\"item\":\"https:\\\/\\\/gruene-wiesbaden.de\\\/\"},{\"@type\":\"ListItem\",\"position\":2,\"name\":\"GR\u00dcNE w\u00e4hlen Katerina Garcia als Direktkandidatin zur Bundestagswahl und einen neuen Vorstand\"}]},{\"@type\":\"WebSite\",\"@id\":\"https:\\\/\\\/gruene-wiesbaden.de\\\/#website\",\"url\":\"https:\\\/\\\/gruene-wiesbaden.de\\\/\",\"name\":\"DIE GR\u00dcNEN Wiesbaden\",\"description\":\"\",\"publisher\":{\"@id\":\"https:\\\/\\\/gruene-wiesbaden.de\\\/#organization\"},\"potentialAction\":[{\"@type\":\"SearchAction\",\"target\":{\"@type\":\"EntryPoint\",\"urlTemplate\":\"https:\\\/\\\/gruene-wiesbaden.de\\\/?s={search_term_string}\"},\"query-input\":{\"@type\":\"PropertyValueSpecification\",\"valueRequired\":true,\"valueName\":\"search_term_string\"}}],\"inLanguage\":\"ar\"},{\"@type\":\"Organization\",\"@id\":\"https:\\\/\\\/gruene-wiesbaden.de\\\/#organization\",\"name\":\"DIE GR\u00dcNEN Wiesbaden\",\"url\":\"https:\\\/\\\/gruene-wiesbaden.de\\\/\",\"logo\":{\"@type\":\"ImageObject\",\"inLanguage\":\"ar\",\"@id\":\"https:\\\/\\\/gruene-wiesbaden.de\\\/#\\\/schema\\\/logo\\\/image\\\/\",\"url\":\"https:\\\/\\\/gruene-wiesbaden-fuer-europa.de\\\/wp-content\\\/uploads\\\/2024\\\/04\\\/Machen-was-zaehlt-5.png\",\"contentUrl\":\"https:\\\/\\\/gruene-wiesbaden-fuer-europa.de\\\/wp-content\\\/uploads\\\/2024\\\/04\\\/Machen-was-zaehlt-5.png\",\"width\":1772,\"height\":1772,\"caption\":\"DIE GR\u00dcNEN Wiesbaden\"},\"image\":{\"@id\":\"https:\\\/\\\/gruene-wiesbaden.de\\\/#\\\/schema\\\/logo\\\/image\\\/\"},\"sameAs\":[\"https:\\\/\\\/www.facebook.com\\\/gruene.wi\",\"https:\\\/\\\/instagram.com\\\/gruene_wi\"]},{\"@type\":\"Person\",\"@id\":\"https:\\\/\\\/gruene-wiesbaden.de\\\/#\\\/schema\\\/person\\\/6785c34779159cd4fd86886bb097afe9\",\"name\":\"admin\",\"sameAs\":[\"http:\\\/\\\/gruene-wiesbaden-fuer-europa.de\"],\"url\":\"https:\\\/\\\/gruene-wiesbaden.de\\\/ar\\\/author\\\/admin\\\/\"}]}<\/script>\n<!-- \/ Yoast SEO plugin. -->","yoast_head_json":{"title":"GR\u00dcNE w\u00e4hlen Katerina Garcia als Direktkandidatin zur Bundestagswahl und einen neuen Vorstand - B\u00dcNDNIS 90\/DIE GR\u00dcNEN Wiesbaden","robots":{"index":"index","follow":"follow","max-snippet":"max-snippet:-1","max-image-preview":"max-image-preview:large","max-video-preview":"max-video-preview:-1"},"canonical":"https:\/\/gruene-wiesbaden.de\/ar\/katerinagarcia_neuervorstand\/","og_locale":"ar_AR","og_type":"article","og_title":"GR\u00dcNE w\u00e4hlen Katerina Garcia als Direktkandidatin zur Bundestagswahl und einen neuen Vorstand - B\u00dcNDNIS 90\/DIE GR\u00dcNEN Wiesbaden","og_url":"https:\/\/gruene-wiesbaden.de\/ar\/katerinagarcia_neuervorstand\/","og_site_name":"B\u00dcNDNIS 90\/DIE GR\u00dcNEN Wiesbaden","article_publisher":"https:\/\/www.facebook.com\/gruene.wi","article_published_time":"2024-11-21T12:00:26+00:00","article_modified_time":"2025-06-16T21:04:30+00:00","og_image":[{"width":600,"height":400,"url":"https:\/\/gruene-wiesbaden.de\/wp-content\/uploads\/2025\/03\/Bildschirmfoto-2025-06-16-um-23.03.22-600x400.png","type":"image\/png"}],"author":"admin","twitter_card":"summary_large_image","twitter_misc":{"\u0643\u064f\u062a\u0628 \u0628\u0648\u0627\u0633\u0637\u0629":"admin","\u0648\u0642\u062a \u0627\u0644\u0642\u0631\u0627\u0621\u0629 \u0627\u0644\u0645\u064f\u0642\u062f\u0651\u0631":"4 minutes"},"schema":{"@context":"https:\/\/schema.org","@graph":[{"@type":"Article","@id":"https:\/\/gruene-wiesbaden.de\/katerinagarcia_neuervorstand\/#article","isPartOf":{"@id":"https:\/\/gruene-wiesbaden.de\/katerinagarcia_neuervorstand\/"},"author":{"name":"admin","@id":"https:\/\/gruene-wiesbaden.de\/#\/schema\/person\/6785c34779159cd4fd86886bb097afe9"},"headline":"GR\u00dcNE w\u00e4hlen Katerina Garcia als Direktkandidatin zur Bundestagswahl und einen neuen Vorstand","datePublished":"2024-11-21T12:00:26+00:00","dateModified":"2025-06-16T21:04:30+00:00","mainEntityOfPage":{"@id":"https:\/\/gruene-wiesbaden.de\/katerinagarcia_neuervorstand\/"},"wordCount":679,"publisher":{"@id":"https:\/\/gruene-wiesbaden.de\/#organization"},"image":{"@id":"https:\/\/gruene-wiesbaden.de\/katerinagarcia_neuervorstand\/#primaryimage"},"thumbnailUrl":"https:\/\/gruene-wiesbaden.de\/wp-content\/uploads\/2025\/03\/Bildschirmfoto-2025-06-16-um-23.03.22.png","articleSection":["Wahlen"],"inLanguage":"ar"},{"@type":"WebPage","@id":"https:\/\/gruene-wiesbaden.de\/katerinagarcia_neuervorstand\/","url":"https:\/\/gruene-wiesbaden.de\/katerinagarcia_neuervorstand\/","name":"GR\u00dcNE w\u00e4hlen Katerina Garcia als Direktkandidatin zur Bundestagswahl und einen neuen Vorstand - B\u00dcNDNIS 90\/DIE GR\u00dcNEN Wiesbaden","isPartOf":{"@id":"https:\/\/gruene-wiesbaden.de\/#website"},"primaryImageOfPage":{"@id":"https:\/\/gruene-wiesbaden.de\/katerinagarcia_neuervorstand\/#primaryimage"},"image":{"@id":"https:\/\/gruene-wiesbaden.de\/katerinagarcia_neuervorstand\/#primaryimage"},"thumbnailUrl":"https:\/\/gruene-wiesbaden.de\/wp-content\/uploads\/2025\/03\/Bildschirmfoto-2025-06-16-um-23.03.22.png","datePublished":"2024-11-21T12:00:26+00:00","dateModified":"2025-06-16T21:04:30+00:00","breadcrumb":{"@id":"https:\/\/gruene-wiesbaden.de\/katerinagarcia_neuervorstand\/#breadcrumb"},"inLanguage":"ar","potentialAction":[{"@type":"ReadAction","target":["https:\/\/gruene-wiesbaden.de\/katerinagarcia_neuervorstand\/"]}]},{"@type":"ImageObject","inLanguage":"ar","@id":"https:\/\/gruene-wiesbaden.de\/katerinagarcia_neuervorstand\/#primaryimage","url":"https:\/\/gruene-wiesbaden.de\/wp-content\/uploads\/2025\/03\/Bildschirmfoto-2025-06-16-um-23.03.22.png","contentUrl":"https:\/\/gruene-wiesbaden.de\/wp-content\/uploads\/2025\/03\/Bildschirmfoto-2025-06-16-um-23.03.22.png","width":1762,"height":1174},{"@type":"BreadcrumbList","@id":"https:\/\/gruene-wiesbaden.de\/katerinagarcia_neuervorstand\/#breadcrumb","itemListElement":[{"@type":"ListItem","position":1,"name":"Startseite","item":"https:\/\/gruene-wiesbaden.de\/"},{"@type":"ListItem","position":2,"name":"GR\u00dcNE w\u00e4hlen Katerina Garcia als Direktkandidatin zur Bundestagswahl und einen neuen Vorstand"}]},{"@type":"WebSite","@id":"https:\/\/gruene-wiesbaden.de\/#website","url":"https:\/\/gruene-wiesbaden.de\/","name":"DIE GR\u00dcNEN Wiesbaden","description":"","publisher":{"@id":"https:\/\/gruene-wiesbaden.de\/#organization"},"potentialAction":[{"@type":"SearchAction","target":{"@type":"EntryPoint","urlTemplate":"https:\/\/gruene-wiesbaden.de\/?s={search_term_string}"},"query-input":{"@type":"PropertyValueSpecification","valueRequired":true,"valueName":"search_term_string"}}],"inLanguage":"ar"},{"@type":"Organization","@id":"https:\/\/gruene-wiesbaden.de\/#organization","name":"DIE GR\u00dcNEN Wiesbaden","url":"https:\/\/gruene-wiesbaden.de\/","logo":{"@type":"ImageObject","inLanguage":"ar","@id":"https:\/\/gruene-wiesbaden.de\/#\/schema\/logo\/image\/","url":"https:\/\/gruene-wiesbaden-fuer-europa.de\/wp-content\/uploads\/2024\/04\/Machen-was-zaehlt-5.png","contentUrl":"https:\/\/gruene-wiesbaden-fuer-europa.de\/wp-content\/uploads\/2024\/04\/Machen-was-zaehlt-5.png","width":1772,"height":1772,"caption":"DIE GR\u00dcNEN Wiesbaden"},"image":{"@id":"https:\/\/gruene-wiesbaden.de\/#\/schema\/logo\/image\/"},"sameAs":["https:\/\/www.facebook.com\/gruene.wi","https:\/\/instagram.com\/gruene_wi"]},{"@type":"Person","@id":"https:\/\/gruene-wiesbaden.de\/#\/schema\/person\/6785c34779159cd4fd86886bb097afe9","name":"admin","sameAs":["http:\/\/gruene-wiesbaden-fuer-europa.de"],"url":"https:\/\/gruene-wiesbaden.de\/ar\/author\/admin\/"}]}},"_links":{"self":[{"href":"https:\/\/gruene-wiesbaden.de\/ar\/wp-json\/wp\/v2\/posts\/702","targetHints":{"allow":["GET"]}}],"collection":[{"href":"https:\/\/gruene-wiesbaden.de\/ar\/wp-json\/wp\/v2\/posts"}],"about":[{"href":"https:\/\/gruene-wiesbaden.de\/ar\/wp-json\/wp\/v2\/types\/post"}],"author":[{"embeddable":true,"href":"https:\/\/gruene-wiesbaden.de\/ar\/wp-json\/wp\/v2\/users\/1"}],"replies":[{"embeddable":true,"href":"https:\/\/gruene-wiesbaden.de\/ar\/wp-json\/wp\/v2\/comments?post=702"}],"version-history":[{"count":5,"href":"https:\/\/gruene-wiesbaden.de\/ar\/wp-json\/wp\/v2\/posts\/702\/revisions"}],"predecessor-version":[{"id":932,"href":"https:\/\/gruene-wiesbaden.de\/ar\/wp-json\/wp\/v2\/posts\/702\/revisions\/932"}],"wp:featuredmedia":[{"embeddable":true,"href":"https:\/\/gruene-wiesbaden.de\/ar\/wp-json\/wp\/v2\/media\/931"}],"wp:attachment":[{"href":"https:\/\/gruene-wiesbaden.de\/ar\/wp-json\/wp\/v2\/media?parent=702"}],"wp:term":[{"taxonomy":"category","embeddable":true,"href":"https:\/\/gruene-wiesbaden.de\/ar\/wp-json\/wp\/v2\/categories?post=702"},{"taxonomy":"post_tag","embeddable":true,"href":"https:\/\/gruene-wiesbaden.de\/ar\/wp-json\/wp\/v2\/tags?post=702"}],"curies":[{"name":"wp","href":"https:\/\/api.w.org\/{rel}","templated":true}]}}