{"id":1647,"date":"2025-11-27T09:45:08","date_gmt":"2025-11-27T07:45:08","guid":{"rendered":"https:\/\/gruene-wiesbaden.de\/?p=1647"},"modified":"2025-11-27T09:45:08","modified_gmt":"2025-11-27T07:45:08","slug":"stark-aufgestellt-fuer-wiesbaden-gruene-starten-mit-team-und-programm-in-den-wahlkampf","status":"publish","type":"post","link":"https:\/\/gruene-wiesbaden.de\/ar\/stark-aufgestellt-fuer-wiesbaden-gruene-starten-mit-team-und-programm-in-den-wahlkampf\/","title":{"rendered":"\u0641\u064a \u0645\u0648\u0642\u0639 \u0642\u0648\u064a \u0644\u0640 Wiesbaden: \u0627\u0644\u062e\u0636\u0631 \u064a\u0628\u062f\u0623\u0648\u0646 \u0627\u0644\u062d\u0645\u0644\u0629 \u0627\u0644\u0627\u0646\u062a\u062e\u0627\u0628\u064a\u0629 \u0645\u0639 \u0641\u0631\u064a\u0642 \u0648\u0628\u0631\u0646\u0627\u0645\u062c"},"content":{"rendered":"<section class=\"l-section wpb_row height_medium\"><div class=\"l-section-h i-cf\"><div class=\"g-cols vc_row via_grid cols_1 laptops-cols_inherit tablets-cols_inherit mobiles-cols_1 valign_top type_default stacking_default\"><div class=\"wpb_column vc_column_container\"><div class=\"vc_column-inner\"><h3 class=\"w-post-elm post_title us_custom_ea76afbe entry-title color_link_inherit\">\u0641\u064a \u0645\u0648\u0642\u0639 \u0642\u0648\u064a \u0644\u0640 Wiesbaden: \u0627\u0644\u062e\u0636\u0631 \u064a\u0628\u062f\u0623\u0648\u0646 \u0627\u0644\u062d\u0645\u0644\u0629 \u0627\u0644\u0627\u0646\u062a\u062e\u0627\u0628\u064a\u0629 \u0645\u0639 \u0641\u0631\u064a\u0642 \u0648\u0628\u0631\u0646\u0627\u0645\u062c<\/h3><div class=\"w-post-elm post_image\"><img loading=\"lazy\" decoding=\"async\" width=\"600\" height=\"407\" src=\"https:\/\/gruene-wiesbaden.de\/wp-content\/uploads\/2025\/11\/Post-Wahlprogramm-e1764229378933-600x407.png\" class=\"attachment-large size-large wp-post-image\" alt=\"\" srcset=\"https:\/\/gruene-wiesbaden.de\/wp-content\/uploads\/2025\/11\/Post-Wahlprogramm-e1764229378933-600x407.png 600w, https:\/\/gruene-wiesbaden.de\/wp-content\/uploads\/2025\/11\/Post-Wahlprogramm-e1764229378933-400x271.png 400w, https:\/\/gruene-wiesbaden.de\/wp-content\/uploads\/2025\/11\/Post-Wahlprogramm-e1764229378933-18x12.png 18w, https:\/\/gruene-wiesbaden.de\/wp-content\/uploads\/2025\/11\/Post-Wahlprogramm-e1764229378933.png 1132w\" sizes=\"auto, (max-width: 600px) 100vw, 600px\" \/><\/div><div class=\"w-separator size_medium\"><\/div><div class=\"wpb_text_column\"><div class=\"wpb_wrapper\"><p><b>\u0641\u064a\u0633\u0628\u0627\u062f\u0646\u060c 26.11.2025 - <\/b><b>\u0628\u062f\u0623 B\u00fcndnis 90 \/ DE GR\u00dcNEN Wiesbaden \u0628\u062d\u0632\u0645 \u0627\u0644\u062d\u0645\u0644\u0629 \u0627\u0644\u0627\u0646\u062a\u062e\u0627\u0628\u064a\u0629 \u0627\u0644\u0628\u0644\u062f\u064a\u0629 \u0641\u064a \u0639\u0627\u0645 2026. \u0645\u0639 \u0627\u0639\u062a\u0645\u0627\u062f \u0628\u0631\u0646\u0627\u0645\u062c \u0627\u0644\u0627\u0646\u062a\u062e\u0627\u0628\u0627\u062a \u0628\u0627\u0644\u0641\u0639\u0644 \u0641\u064a \u0623\u0643\u062a\u0648\u0628\u0631 \u0648\u0627\u0644\u0642\u0627\u0626\u0645\u0629 \u0627\u0644\u0645\u0646\u062a\u062e\u0628\u0629 \u0627\u0644\u0622\u0646 \u0644\u0645\u062c\u0644\u0633 \u0627\u0644\u0645\u062f\u064a\u0646\u0629 \u060c \u0641\u0645\u0646 \u0627\u0644\u0648\u0627\u0636\u062d: \u064a\u062a\u0646\u0627\u0641\u0633 \u0627\u0644\u062e\u0636\u0631 \u0645\u0639 \u062f\u0648\u0631\u0629 \u0645\u062d\u062a\u0648\u0649 \u0648\u0627\u0636\u062d\u0629 \u0648\u0641\u0631\u064a\u0642 \u064a\u0631\u064a\u062f \u062a\u0634\u0643\u064a\u0644 \u0645\u0633\u062a\u0642\u0628\u0644 \u0641\u064a\u0633\u0628\u0627\u062f\u0646 \u0628\u0646\u0634\u0627\u0637.<span class=\"Apple-converted-space\">\u00a0<\/span><\/b><\/p>\n<p>\u0648\u0628\u0627\u0644\u062a\u0627\u0644\u064a \u064a\u0624\u0643\u062f \u0627\u0644\u062d\u0632\u0628 \u0639\u0644\u0649 \u0627\u062f\u0639\u0627\u0621\u0647 \u0628\u062a\u062d\u0645\u0644 \u0627\u0644\u0645\u0633\u0624\u0648\u0644\u064a\u0629 \u0639\u0646 \u0627\u0644\u0645\u062f\u064a\u0646\u0629 \u0628\u0623\u0643\u0645\u0644\u0647\u0627 - \u0639\u0628\u0631 \u0627\u0644\u0645\u0648\u0636\u0648\u0639\u0627\u062a \u0648\u0627\u0644\u0641\u0626\u0627\u062a \u0627\u0644\u0627\u062c\u062a\u0645\u0627\u0639\u064a\u0629 \u0648\u0627\u0644\u0623\u0642\u0627\u0644\u064a\u0645. \u0635\u0648\u0631\u062a\u0643 \u0627\u0644\u0630\u0627\u062a\u064a\u0629: \u0642\u0648\u0629 \u0633\u064a\u0627\u0633\u064a\u0629 \u0644\u0627 \u062a\u0642\u062a\u0635\u0631 \u0639\u0644\u0649 \u0627\u0644\u0645\u0635\u0627\u0644\u062d \u0627\u0644\u0641\u0631\u062f\u064a\u0629 \u060c \u0648\u0644\u0643\u0646\u0647\u0627 \u062a\u0639\u0645\u0644 \u0645\u0646 \u0623\u062c\u0644 \u0627\u0644\u0635\u0648\u0631\u0629 \u0627\u0644\u0643\u0628\u064a\u0631\u0629 - \u0645\u0646 \u0623\u062c\u0644 \u0641\u064a\u0633\u0628\u0627\u062f\u0646 \u0627\u0644\u0630\u064a \u064a\u062a\u0637\u0648\u0631 \u0648\u064a\u062a\u0645\u062a\u0639 \u0628\u0645\u0648\u0642\u0639 \u062c\u064a\u062f \u0644\u0644\u0645\u0633\u062a\u0642\u0628\u0644.<span class=\"Apple-converted-space\">\u00a0<\/span><\/p>\n<p>\u062a\u0624\u0643\u062f \u0627\u0644\u0631\u0626\u064a\u0633\u0629 \u0627\u0644\u0645\u0634\u0627\u0631\u0643\u0629 \u0631\u064a\u0628\u064a\u0643\u0627 \u062a\u0648\u0645\u0627\u0633 \u0639\u0644\u0649 \u0642\u064a\u0645\u0629 \u0627\u0644\u062a\u0648\u0638\u064a\u0641 \u0627\u0644\u0648\u0627\u0633\u0639 \u0627\u0644\u0646\u0637\u0627\u0642: \u062a\u0638\u0647\u0631 \u0642\u0627\u0626\u0645\u062a\u0646\u0627 \u0623\u0646\u0646\u0627 \u0646\u0623\u062e\u0630 \u0641\u064a\u0633\u0628\u0627\u062f\u0646 \u0639\u0644\u0649 \u0645\u062d\u0645\u0644 \u0627\u0644\u062c\u062f \u0641\u064a \u0643\u0644 \u062a\u0646\u0648\u0639\u0647\u0627. \u064a\u0639\u0645\u0644 \u0627\u0644\u0633\u064a\u0627\u0633\u064a\u0648\u0646 \u0627\u0644\u0645\u062d\u0644\u064a\u0648\u0646 \u0630\u0648\u0648 \u0627\u0644\u062e\u0628\u0631\u0629 \u062c\u0646\u0628\u064b\u0627 \u0625\u0644\u0649 \u062c\u0646\u0628 \u0645\u0639 \u0627\u0644\u0642\u0648\u0649 \u0627\u0644\u062c\u062f\u064a\u062f\u0629 \u0627\u0644\u0645\u0644\u062a\u0632\u0645\u0629 \u0648\u064a\u062c\u0645\u0639\u0648\u0646 \u0623\u064a\u0636\u064b\u0627 \u0627\u0644\u062e\u0628\u0631\u0629 \u0641\u064a \u062c\u0645\u064a\u0639 \u0645\u062c\u0627\u0644\u0627\u062a \u0627\u0644\u0633\u064a\u0627\u0633\u0629. \u062b\u0645\u0627\u0646\u064a\u0629 \u0623\u0634\u062e\u0627\u0635 \u062a\u062d\u062a \u0633\u0646 35 \u0641\u064a \u0623\u0639\u0644\u0649 20 \u0647\u0645 \u0625\u0634\u0627\u0631\u0629 \u0648\u0627\u0636\u062d\u0629: \u0646\u062d\u0646 \u0644\u0627 \u0646\u0641\u0643\u0631 \u0641\u0642\u0637 \u0641\u064a \u0627\u0644\u0645\u0633\u062a\u0642\u0628\u0644 \u060c \u0628\u0644 \u0646\u062c\u0644\u0628\u0647 \u0628\u0646\u0634\u0627\u0637 \u0625\u0644\u0649 \u0627\u0644\u0637\u0627\u0648\u0644\u0629.<span class=\"Apple-converted-space\">\u00a0<\/span><\/p>\n<p>\u0648\u0623\u0636\u0627\u0641 \u0627\u0644\u0631\u0626\u064a\u0633 \u0627\u0644\u0645\u0634\u0627\u0631\u0643 \u062f\u0627\u0646\u064a\u064a\u0644 \u0634\u0645\u064a\u062a: \u0645\u0627 \u064a\u0648\u062d\u062f\u0646\u0627 \u0647\u0648 \u0627\u0644\u0631\u063a\u0628\u0629 \u0641\u064a \u062f\u0641\u0639 \u0641\u064a\u0633\u0628\u0627\u062f\u0646 \u0641\u064a \u062c\u0645\u064a\u0639 \u0627\u0644\u0645\u062c\u0627\u0644\u0627\u062a - \u0625\u064a\u0643\u0648\u0644\u0648\u062c\u064a\u064b\u0627 \u0648\u0627\u062c\u062a\u0645\u0627\u0639\u064a\u064b\u0627 \u0648\u0627\u0642\u062a\u0635\u0627\u062f\u064a\u064b\u0627. \u0646\u062d\u0646 \u0646\u0624\u064a\u062f \u0627\u0644\u0633\u064a\u0627\u0633\u0629 \u0627\u0644\u062a\u064a \u062a\u062c\u0645\u0639 \u0628\u064a\u0646 \u062d\u0645\u0627\u064a\u0629 \u0627\u0644\u0645\u0646\u0627\u062e \u0648\u0627\u0644\u0628\u064a\u0626\u0629 \u0648\u0627\u0644\u0639\u062f\u0627\u0644\u0629 \u0627\u0644\u0627\u062c\u062a\u0645\u0627\u0639\u064a\u0629 \u0648\u0627\u0644\u062a\u0639\u0627\u0648\u0646 \u0627\u0644\u062c\u064a\u062f \u0648\u062a\u062c\u0645\u0639 \u0628\u064a\u0646 \u0627\u0644\u0642\u0648\u0629 \u0627\u0644\u0627\u0642\u062a\u0635\u0627\u062f\u064a\u0629 \u0648\u0627\u0644\u0645\u0633\u0624\u0648\u0644\u064a\u0629 \u0648\u0627\u0644\u0627\u0633\u062a\u062f\u0627\u0645\u0629. \u0646\u062d\u0646 \u0646\u0624\u064a\u062f \u0633\u064a\u0627\u0633\u0629 \u062a\u0639\u0627\u0644\u062c \u0628\u0634\u062c\u0627\u0639\u0629 \u0639\u0646\u062f\u0645\u0627 \u062a\u0643\u0648\u0646 \u0647\u0646\u0627\u0643 \u062d\u0627\u062c\u0629 \u0625\u0644\u0649 \u0634\u064a\u0621 \u062c\u062f\u064a\u062f \u0648\u062a\u0637\u0648\u0631 \u0645\u0627 \u0647\u0648 \u0645\u0648\u062c\u0648\u062f \u0639\u0646\u062f\u0645\u0627 \u064a\u062b\u0628\u062a \u062c\u062f\u0627\u0631\u062a\u0647. \u0645\u0628\u062f\u0623\u0646\u0627 \u0627\u0644\u062a\u0648\u062c\u064a\u0647\u064a \u0647\u0648 \u0645\u062f\u064a\u0646\u0629 \u0644\u0627 \u062a\u062a\u0648\u0642\u0641 \u060c \u0648\u0644\u0643\u0646\u0647\u0627 \u062a\u062a\u062d\u0633\u0646 \u062a\u062f\u0631\u064a\u062c\u064a\u0627\u064b - \u0644\u0643\u0644 \u0645\u0646 \u064a\u0639\u064a\u0634 \u0647\u0646\u0627.<span class=\"Apple-converted-space\">\u00a0<\/span><\/p>\n<p>\u0627\u0644\u0628\u0631\u0646\u0627\u0645\u062c \u0627\u0644\u0627\u0646\u062a\u062e\u0627\u0628\u064a \u0644\u0644\u062e\u0636\u0631 \u0647\u0648 \u0627\u0644\u0622\u0646 \u0639\u0644\u0649 <b>\u063a\u0631\u0648\u064a\u0646 \u0641\u064a\u0633\u0628\u0627\u062f\u0646.\u062f\u064a <\/b>\u0645\u062a\u0648\u0641\u0631 \u0628\u0627\u0644\u0644\u063a\u0629 \u0627\u0644\u0623\u0644\u0645\u0627\u0646\u064a\u0629 \u0648 12 \u0644\u063a\u0629 \u0623\u062e\u0631\u0649. \"\u0645\u0646 \u0627\u0644\u0645\u0647\u0645 \u0628\u0627\u0644\u0646\u0633\u0628\u0629 \u0644\u0646\u0627 \u0623\u0646 \u064a\u0641\u0647\u0645 \u0627\u0644\u062c\u0645\u064a\u0639 \u0641\u064a \u0641\u064a\u0633\u0628\u0627\u062f\u0646 \u0645\u0627 \u0646\u062f\u0627\u0641\u0639 \u0639\u0646\u0647\" \u060c \u0643\u0645\u0627 \u062a\u0648\u0636\u062d \u0631\u064a\u0628\u064a\u0643\u0627 \u062a\u0648\u0645\u0627\u0633. \u062a\u0645 \u062a\u0635\u0645\u064a\u0645 \u0627\u0644\u0646\u0633\u062e\u0629 \u0627\u0644\u0631\u0642\u0645\u064a\u0629 \u0644\u062a\u0643\u0648\u0646 \u062e\u0627\u0644\u064a\u0629 \u0645\u0646 \u0627\u0644\u0639\u0648\u0627\u0626\u0642 \u0648\u0635\u062f\u064a\u0642\u0629 \u0644\u0644\u0647\u0648\u0627\u062a\u0641 \u0627\u0644\u0645\u062d\u0645\u0648\u0644\u0629. \u0648\u064a\u062c\u0631\u064a \u062d\u0627\u0644\u064a\u0627 \u0625\u0639\u062f\u0627\u062f \u0627\u0644\u0628\u0631\u0646\u0627\u0645\u062c \u0627\ufefb\u0646\u062a\u062e\u0627\u0628\u064a \u0628\u0644\u063a\u0629 \u0648\u0627\u0636\u062d\u0629.<span class=\"Apple-converted-space\">\u00a0<\/span><\/p>\n<p>\u064a\u0648\u0645 \u0627\u0644\u0627\u062b\u0646\u064a\u0646\u060c \u0627\u0644\u0623\u0648\u0644. \u0641\u064a \u062f\u064a\u0633\u0645\u0628\u0631 2025 \u060c \u0642\u062f\u0645 \u0631\u0624\u0633\u0627\u0621 \u0627\u0644\u0645\u0642\u0627\u0637\u0639\u0627\u062a \u060c \u062c\u0646\u0628\u064b\u0627 \u0625\u0644\u0649 \u062c\u0646\u0628 \u0645\u0639 \u0628\u0639\u0636 \u0627\u0644\u0645\u0631\u0634\u062d\u064a\u0646 \u0645\u0646 \u0642\u0627\u0626\u0645\u0629 \u0627\u0644\u0639\u0634\u0631\u0629 \u0627\u0644\u0623\u0648\u0627\u0626\u0644 \u0644\u0645\u062c\u0644\u0633 \u0627\u0644\u0645\u062f\u064a\u0646\u0629 \u060c \u0627\u0644\u0641\u0631\u064a\u0642 \u060c \u0648\u0627\u0644\u0646\u0642\u0627\u0637 \u0627\u0644\u0631\u0626\u064a\u0633\u064a\u0629 \u0644\u0644\u0628\u0631\u0646\u0627\u0645\u062c \u0648\u0627\u0644\u0631\u0624\u0649 \u0627\u0644\u0623\u0648\u0644\u064a\u0629 \u0644\u0644\u062d\u0645\u0644\u0629. \u0645\u0645\u062b\u0644\u0648 \u0648\u0633\u0627\u0626\u0637 \u0627\u0644\u0625\u0639\u0644\u0627\u0645 \u0645\u062f\u0639\u0648\u0648\u0646.<\/p>\n<\/div><\/div><\/div><\/div><\/div><\/div><\/section>","protected":false},"excerpt":{"rendered":"\u0641\u064a \u0645\u0648\u0642\u0639 \u0642\u0648\u064a \u0644\u0640 Wiesbaden: \u064a\u0628\u062f\u0623 \u0627\u0644\u0623\u062e\u0636\u0631 \u0628\u0627\u0644\u0641\u0631\u064a\u0642 \u0648\u0627\u0644\u0628\u0631\u0646\u0627\u0645\u062c \u0641\u064a \u0627\u0644\u062d\u0645\u0644\u0629 \u0627\u0644\u0627\u0646\u062a\u062e\u0627\u0628\u064a\u0629 \u0641\u064a\u0633\u0628\u0627\u062f\u0646 \u060c 26.11.2025 - B\u00dcNDNIS 90 \/ DE GR\u00dcNEN Wiesbaden \u062a\u0628\u062f\u0623 \u0628\u0634\u0643\u0644 \u062d\u0627\u0633\u0645 \u0641\u064a \u0627\u0644\u062d\u0645\u0644\u0629 \u0627\u0644\u0627\u0646\u062a\u062e\u0627\u0628\u064a\u0629 \u0627\u0644\u0645\u062d\u0644\u064a\u0629 2026. \u0645\u0639 \u0627\u0639\u062a\u0645\u0627\u062f \u0628\u0631\u0646\u0627\u0645\u062c \u0627\u0644\u0627\u0646\u062a\u062e\u0627\u0628\u0627\u062a \u0628\u0627\u0644\u0641\u0639\u0644 \u0641\u064a \u0623\u0643\u062a\u0648\u0628\u0631 \u0648\u0627\u0644\u0642\u0627\u0626\u0645\u0629 \u0627\u0644\u0645\u0646\u062a\u062e\u0628\u0629 \u0627\u0644\u0622\u0646 \u0644\u0645\u062c\u0644\u0633 \u0627\u0644\u0645\u062f\u064a\u0646\u0629 \u060c \u0641\u0645\u0646 \u0627\u0644\u0648\u0627\u0636\u062d: \u064a\u062a\u0646\u0627\u0641\u0633 \u0627\u0644\u062e\u0636\u0631 \u0645\u0639 \u062f\u0648\u0631\u0629 \u0645\u062d\u062a\u0648\u0649 \u0648\u0627\u0636\u062d\u0629 \u0648\u0641\u0631\u064a\u0642 ...","protected":false},"author":1,"featured_media":1650,"comment_status":"closed","ping_status":"closed","sticky":false,"template":"","format":"standard","meta":{"footnotes":""},"categories":[8,6,5],"tags":[],"class_list":["post-1647","post","type-post","status-publish","format-standard","has-post-thumbnail","hentry","category-allgemein","category-veranstaltungen","category-wahlen"],"yoast_head":"<!-- This site is optimized with the Yoast SEO plugin v27.5 - https:\/\/yoast.com\/product\/yoast-seo-wordpress\/ -->\n<title>Stark aufgestellt f\u00fcr Wiesbaden: GR\u00dcNE starten mit Team und Programm in den Wahlkampf - B\u00dcNDNIS 90\/DIE GR\u00dcNEN Wiesbaden<\/title>\n<meta name=\"robots\" content=\"index, follow, max-snippet:-1, max-image-preview:large, max-video-preview:-1\" \/>\n<link rel=\"canonical\" href=\"https:\/\/gruene-wiesbaden.de\/ar\/stark-aufgestellt-fuer-wiesbaden-gruene-starten-mit-team-und-programm-in-den-wahlkampf\/\" \/>\n<meta property=\"og:locale\" content=\"ar_AR\" \/>\n<meta property=\"og:type\" content=\"article\" \/>\n<meta property=\"og:title\" content=\"Stark aufgestellt f\u00fcr Wiesbaden: GR\u00dcNE starten mit Team und Programm in den Wahlkampf - B\u00dcNDNIS 90\/DIE GR\u00dcNEN Wiesbaden\" \/>\n<meta property=\"og:url\" content=\"https:\/\/gruene-wiesbaden.de\/ar\/stark-aufgestellt-fuer-wiesbaden-gruene-starten-mit-team-und-programm-in-den-wahlkampf\/\" \/>\n<meta property=\"og:site_name\" content=\"B\u00dcNDNIS 90\/DIE GR\u00dcNEN Wiesbaden\" \/>\n<meta property=\"article:publisher\" content=\"https:\/\/www.facebook.com\/gruene.wi\" \/>\n<meta property=\"article:published_time\" content=\"2025-11-27T07:45:08+00:00\" \/>\n<meta property=\"og:image\" content=\"https:\/\/gruene-wiesbaden.de\/wp-content\/uploads\/2025\/11\/Post-Wahlprogramm-e1764229378933.png\" \/>\n\t<meta property=\"og:image:width\" content=\"1132\" \/>\n\t<meta property=\"og:image:height\" content=\"767\" \/>\n\t<meta property=\"og:image:type\" content=\"image\/png\" \/>\n<meta name=\"author\" content=\"admin\" \/>\n<meta name=\"twitter:card\" content=\"summary_large_image\" \/>\n<meta name=\"twitter:label1\" content=\"\u0643\u064f\u062a\u0628 \u0628\u0648\u0627\u0633\u0637\u0629\" \/>\n\t<meta name=\"twitter:data1\" content=\"admin\" \/>\n\t<meta name=\"twitter:label2\" content=\"\u0648\u0642\u062a \u0627\u0644\u0642\u0631\u0627\u0621\u0629 \u0627\u0644\u0645\u064f\u0642\u062f\u0651\u0631\" \/>\n\t<meta name=\"twitter:data2\" content=\"3 minutes\" \/>\n<script type=\"application\/ld+json\" class=\"yoast-schema-graph\">{\"@context\":\"https:\\\/\\\/schema.org\",\"@graph\":[{\"@type\":\"Article\",\"@id\":\"https:\\\/\\\/gruene-wiesbaden.de\\\/stark-aufgestellt-fuer-wiesbaden-gruene-starten-mit-team-und-programm-in-den-wahlkampf\\\/#article\",\"isPartOf\":{\"@id\":\"https:\\\/\\\/gruene-wiesbaden.de\\\/stark-aufgestellt-fuer-wiesbaden-gruene-starten-mit-team-und-programm-in-den-wahlkampf\\\/\"},\"author\":{\"name\":\"admin\",\"@id\":\"https:\\\/\\\/gruene-wiesbaden.de\\\/#\\\/schema\\\/person\\\/6785c34779159cd4fd86886bb097afe9\"},\"headline\":\"Stark aufgestellt f\u00fcr Wiesbaden: GR\u00dcNE starten mit Team und Programm in den Wahlkampf\",\"datePublished\":\"2025-11-27T07:45:08+00:00\",\"mainEntityOfPage\":{\"@id\":\"https:\\\/\\\/gruene-wiesbaden.de\\\/stark-aufgestellt-fuer-wiesbaden-gruene-starten-mit-team-und-programm-in-den-wahlkampf\\\/\"},\"wordCount\":406,\"publisher\":{\"@id\":\"https:\\\/\\\/gruene-wiesbaden.de\\\/#organization\"},\"image\":{\"@id\":\"https:\\\/\\\/gruene-wiesbaden.de\\\/stark-aufgestellt-fuer-wiesbaden-gruene-starten-mit-team-und-programm-in-den-wahlkampf\\\/#primaryimage\"},\"thumbnailUrl\":\"https:\\\/\\\/gruene-wiesbaden.de\\\/wp-content\\\/uploads\\\/2025\\\/11\\\/Post-Wahlprogramm-e1764229378933.png\",\"articleSection\":[\"Allgemein\",\"Veranstaltungen\",\"Wahlen\"],\"inLanguage\":\"ar\"},{\"@type\":\"WebPage\",\"@id\":\"https:\\\/\\\/gruene-wiesbaden.de\\\/stark-aufgestellt-fuer-wiesbaden-gruene-starten-mit-team-und-programm-in-den-wahlkampf\\\/\",\"url\":\"https:\\\/\\\/gruene-wiesbaden.de\\\/stark-aufgestellt-fuer-wiesbaden-gruene-starten-mit-team-und-programm-in-den-wahlkampf\\\/\",\"name\":\"Stark aufgestellt f\u00fcr Wiesbaden: GR\u00dcNE starten mit Team und Programm in den Wahlkampf - B\u00dcNDNIS 90\\\/DIE GR\u00dcNEN Wiesbaden\",\"isPartOf\":{\"@id\":\"https:\\\/\\\/gruene-wiesbaden.de\\\/#website\"},\"primaryImageOfPage\":{\"@id\":\"https:\\\/\\\/gruene-wiesbaden.de\\\/stark-aufgestellt-fuer-wiesbaden-gruene-starten-mit-team-und-programm-in-den-wahlkampf\\\/#primaryimage\"},\"image\":{\"@id\":\"https:\\\/\\\/gruene-wiesbaden.de\\\/stark-aufgestellt-fuer-wiesbaden-gruene-starten-mit-team-und-programm-in-den-wahlkampf\\\/#primaryimage\"},\"thumbnailUrl\":\"https:\\\/\\\/gruene-wiesbaden.de\\\/wp-content\\\/uploads\\\/2025\\\/11\\\/Post-Wahlprogramm-e1764229378933.png\",\"datePublished\":\"2025-11-27T07:45:08+00:00\",\"breadcrumb\":{\"@id\":\"https:\\\/\\\/gruene-wiesbaden.de\\\/stark-aufgestellt-fuer-wiesbaden-gruene-starten-mit-team-und-programm-in-den-wahlkampf\\\/#breadcrumb\"},\"inLanguage\":\"ar\",\"potentialAction\":[{\"@type\":\"ReadAction\",\"target\":[\"https:\\\/\\\/gruene-wiesbaden.de\\\/stark-aufgestellt-fuer-wiesbaden-gruene-starten-mit-team-und-programm-in-den-wahlkampf\\\/\"]}]},{\"@type\":\"ImageObject\",\"inLanguage\":\"ar\",\"@id\":\"https:\\\/\\\/gruene-wiesbaden.de\\\/stark-aufgestellt-fuer-wiesbaden-gruene-starten-mit-team-und-programm-in-den-wahlkampf\\\/#primaryimage\",\"url\":\"https:\\\/\\\/gruene-wiesbaden.de\\\/wp-content\\\/uploads\\\/2025\\\/11\\\/Post-Wahlprogramm-e1764229378933.png\",\"contentUrl\":\"https:\\\/\\\/gruene-wiesbaden.de\\\/wp-content\\\/uploads\\\/2025\\\/11\\\/Post-Wahlprogramm-e1764229378933.png\",\"width\":1132,\"height\":767},{\"@type\":\"BreadcrumbList\",\"@id\":\"https:\\\/\\\/gruene-wiesbaden.de\\\/stark-aufgestellt-fuer-wiesbaden-gruene-starten-mit-team-und-programm-in-den-wahlkampf\\\/#breadcrumb\",\"itemListElement\":[{\"@type\":\"ListItem\",\"position\":1,\"name\":\"Startseite\",\"item\":\"https:\\\/\\\/gruene-wiesbaden.de\\\/\"},{\"@type\":\"ListItem\",\"position\":2,\"name\":\"Stark aufgestellt f\u00fcr Wiesbaden: GR\u00dcNE starten mit Team und Programm in den Wahlkampf\"}]},{\"@type\":\"WebSite\",\"@id\":\"https:\\\/\\\/gruene-wiesbaden.de\\\/#website\",\"url\":\"https:\\\/\\\/gruene-wiesbaden.de\\\/\",\"name\":\"DIE GR\u00dcNEN Wiesbaden\",\"description\":\"\",\"publisher\":{\"@id\":\"https:\\\/\\\/gruene-wiesbaden.de\\\/#organization\"},\"potentialAction\":[{\"@type\":\"SearchAction\",\"target\":{\"@type\":\"EntryPoint\",\"urlTemplate\":\"https:\\\/\\\/gruene-wiesbaden.de\\\/?s={search_term_string}\"},\"query-input\":{\"@type\":\"PropertyValueSpecification\",\"valueRequired\":true,\"valueName\":\"search_term_string\"}}],\"inLanguage\":\"ar\"},{\"@type\":\"Organization\",\"@id\":\"https:\\\/\\\/gruene-wiesbaden.de\\\/#organization\",\"name\":\"DIE GR\u00dcNEN Wiesbaden\",\"url\":\"https:\\\/\\\/gruene-wiesbaden.de\\\/\",\"logo\":{\"@type\":\"ImageObject\",\"inLanguage\":\"ar\",\"@id\":\"https:\\\/\\\/gruene-wiesbaden.de\\\/#\\\/schema\\\/logo\\\/image\\\/\",\"url\":\"https:\\\/\\\/gruene-wiesbaden-fuer-europa.de\\\/wp-content\\\/uploads\\\/2024\\\/04\\\/Machen-was-zaehlt-5.png\",\"contentUrl\":\"https:\\\/\\\/gruene-wiesbaden-fuer-europa.de\\\/wp-content\\\/uploads\\\/2024\\\/04\\\/Machen-was-zaehlt-5.png\",\"width\":1772,\"height\":1772,\"caption\":\"DIE GR\u00dcNEN Wiesbaden\"},\"image\":{\"@id\":\"https:\\\/\\\/gruene-wiesbaden.de\\\/#\\\/schema\\\/logo\\\/image\\\/\"},\"sameAs\":[\"https:\\\/\\\/www.facebook.com\\\/gruene.wi\",\"https:\\\/\\\/instagram.com\\\/gruene_wi\"]},{\"@type\":\"Person\",\"@id\":\"https:\\\/\\\/gruene-wiesbaden.de\\\/#\\\/schema\\\/person\\\/6785c34779159cd4fd86886bb097afe9\",\"name\":\"admin\",\"sameAs\":[\"http:\\\/\\\/gruene-wiesbaden-fuer-europa.de\"],\"url\":\"https:\\\/\\\/gruene-wiesbaden.de\\\/ar\\\/author\\\/admin\\\/\"}]}<\/script>\n<!-- \/ Yoast SEO plugin. -->","yoast_head_json":{"title":"Stark aufgestellt f\u00fcr Wiesbaden: GR\u00dcNE starten mit Team und Programm in den Wahlkampf - B\u00dcNDNIS 90\/DIE GR\u00dcNEN Wiesbaden","robots":{"index":"index","follow":"follow","max-snippet":"max-snippet:-1","max-image-preview":"max-image-preview:large","max-video-preview":"max-video-preview:-1"},"canonical":"https:\/\/gruene-wiesbaden.de\/ar\/stark-aufgestellt-fuer-wiesbaden-gruene-starten-mit-team-und-programm-in-den-wahlkampf\/","og_locale":"ar_AR","og_type":"article","og_title":"Stark aufgestellt f\u00fcr Wiesbaden: GR\u00dcNE starten mit Team und Programm in den Wahlkampf - B\u00dcNDNIS 90\/DIE GR\u00dcNEN Wiesbaden","og_url":"https:\/\/gruene-wiesbaden.de\/ar\/stark-aufgestellt-fuer-wiesbaden-gruene-starten-mit-team-und-programm-in-den-wahlkampf\/","og_site_name":"B\u00dcNDNIS 90\/DIE GR\u00dcNEN Wiesbaden","article_publisher":"https:\/\/www.facebook.com\/gruene.wi","article_published_time":"2025-11-27T07:45:08+00:00","og_image":[{"width":1132,"height":767,"url":"https:\/\/gruene-wiesbaden.de\/wp-content\/uploads\/2025\/11\/Post-Wahlprogramm-e1764229378933.png","type":"image\/png"}],"author":"admin","twitter_card":"summary_large_image","twitter_misc":{"\u0643\u064f\u062a\u0628 \u0628\u0648\u0627\u0633\u0637\u0629":"admin","\u0648\u0642\u062a \u0627\u0644\u0642\u0631\u0627\u0621\u0629 \u0627\u0644\u0645\u064f\u0642\u062f\u0651\u0631":"3 minutes"},"schema":{"@context":"https:\/\/schema.org","@graph":[{"@type":"Article","@id":"https:\/\/gruene-wiesbaden.de\/stark-aufgestellt-fuer-wiesbaden-gruene-starten-mit-team-und-programm-in-den-wahlkampf\/#article","isPartOf":{"@id":"https:\/\/gruene-wiesbaden.de\/stark-aufgestellt-fuer-wiesbaden-gruene-starten-mit-team-und-programm-in-den-wahlkampf\/"},"author":{"name":"admin","@id":"https:\/\/gruene-wiesbaden.de\/#\/schema\/person\/6785c34779159cd4fd86886bb097afe9"},"headline":"Stark aufgestellt f\u00fcr Wiesbaden: GR\u00dcNE starten mit Team und Programm in den Wahlkampf","datePublished":"2025-11-27T07:45:08+00:00","mainEntityOfPage":{"@id":"https:\/\/gruene-wiesbaden.de\/stark-aufgestellt-fuer-wiesbaden-gruene-starten-mit-team-und-programm-in-den-wahlkampf\/"},"wordCount":406,"publisher":{"@id":"https:\/\/gruene-wiesbaden.de\/#organization"},"image":{"@id":"https:\/\/gruene-wiesbaden.de\/stark-aufgestellt-fuer-wiesbaden-gruene-starten-mit-team-und-programm-in-den-wahlkampf\/#primaryimage"},"thumbnailUrl":"https:\/\/gruene-wiesbaden.de\/wp-content\/uploads\/2025\/11\/Post-Wahlprogramm-e1764229378933.png","articleSection":["Allgemein","Veranstaltungen","Wahlen"],"inLanguage":"ar"},{"@type":"WebPage","@id":"https:\/\/gruene-wiesbaden.de\/stark-aufgestellt-fuer-wiesbaden-gruene-starten-mit-team-und-programm-in-den-wahlkampf\/","url":"https:\/\/gruene-wiesbaden.de\/stark-aufgestellt-fuer-wiesbaden-gruene-starten-mit-team-und-programm-in-den-wahlkampf\/","name":"Stark aufgestellt f\u00fcr Wiesbaden: GR\u00dcNE starten mit Team und Programm in den Wahlkampf - B\u00dcNDNIS 90\/DIE GR\u00dcNEN Wiesbaden","isPartOf":{"@id":"https:\/\/gruene-wiesbaden.de\/#website"},"primaryImageOfPage":{"@id":"https:\/\/gruene-wiesbaden.de\/stark-aufgestellt-fuer-wiesbaden-gruene-starten-mit-team-und-programm-in-den-wahlkampf\/#primaryimage"},"image":{"@id":"https:\/\/gruene-wiesbaden.de\/stark-aufgestellt-fuer-wiesbaden-gruene-starten-mit-team-und-programm-in-den-wahlkampf\/#primaryimage"},"thumbnailUrl":"https:\/\/gruene-wiesbaden.de\/wp-content\/uploads\/2025\/11\/Post-Wahlprogramm-e1764229378933.png","datePublished":"2025-11-27T07:45:08+00:00","breadcrumb":{"@id":"https:\/\/gruene-wiesbaden.de\/stark-aufgestellt-fuer-wiesbaden-gruene-starten-mit-team-und-programm-in-den-wahlkampf\/#breadcrumb"},"inLanguage":"ar","potentialAction":[{"@type":"ReadAction","target":["https:\/\/gruene-wiesbaden.de\/stark-aufgestellt-fuer-wiesbaden-gruene-starten-mit-team-und-programm-in-den-wahlkampf\/"]}]},{"@type":"ImageObject","inLanguage":"ar","@id":"https:\/\/gruene-wiesbaden.de\/stark-aufgestellt-fuer-wiesbaden-gruene-starten-mit-team-und-programm-in-den-wahlkampf\/#primaryimage","url":"https:\/\/gruene-wiesbaden.de\/wp-content\/uploads\/2025\/11\/Post-Wahlprogramm-e1764229378933.png","contentUrl":"https:\/\/gruene-wiesbaden.de\/wp-content\/uploads\/2025\/11\/Post-Wahlprogramm-e1764229378933.png","width":1132,"height":767},{"@type":"BreadcrumbList","@id":"https:\/\/gruene-wiesbaden.de\/stark-aufgestellt-fuer-wiesbaden-gruene-starten-mit-team-und-programm-in-den-wahlkampf\/#breadcrumb","itemListElement":[{"@type":"ListItem","position":1,"name":"Startseite","item":"https:\/\/gruene-wiesbaden.de\/"},{"@type":"ListItem","position":2,"name":"Stark aufgestellt f\u00fcr Wiesbaden: GR\u00dcNE starten mit Team und Programm in den Wahlkampf"}]},{"@type":"WebSite","@id":"https:\/\/gruene-wiesbaden.de\/#website","url":"https:\/\/gruene-wiesbaden.de\/","name":"DIE GR\u00dcNEN Wiesbaden","description":"","publisher":{"@id":"https:\/\/gruene-wiesbaden.de\/#organization"},"potentialAction":[{"@type":"SearchAction","target":{"@type":"EntryPoint","urlTemplate":"https:\/\/gruene-wiesbaden.de\/?s={search_term_string}"},"query-input":{"@type":"PropertyValueSpecification","valueRequired":true,"valueName":"search_term_string"}}],"inLanguage":"ar"},{"@type":"Organization","@id":"https:\/\/gruene-wiesbaden.de\/#organization","name":"DIE GR\u00dcNEN Wiesbaden","url":"https:\/\/gruene-wiesbaden.de\/","logo":{"@type":"ImageObject","inLanguage":"ar","@id":"https:\/\/gruene-wiesbaden.de\/#\/schema\/logo\/image\/","url":"https:\/\/gruene-wiesbaden-fuer-europa.de\/wp-content\/uploads\/2024\/04\/Machen-was-zaehlt-5.png","contentUrl":"https:\/\/gruene-wiesbaden-fuer-europa.de\/wp-content\/uploads\/2024\/04\/Machen-was-zaehlt-5.png","width":1772,"height":1772,"caption":"DIE GR\u00dcNEN Wiesbaden"},"image":{"@id":"https:\/\/gruene-wiesbaden.de\/#\/schema\/logo\/image\/"},"sameAs":["https:\/\/www.facebook.com\/gruene.wi","https:\/\/instagram.com\/gruene_wi"]},{"@type":"Person","@id":"https:\/\/gruene-wiesbaden.de\/#\/schema\/person\/6785c34779159cd4fd86886bb097afe9","name":"admin","sameAs":["http:\/\/gruene-wiesbaden-fuer-europa.de"],"url":"https:\/\/gruene-wiesbaden.de\/ar\/author\/admin\/"}]}},"_links":{"self":[{"href":"https:\/\/gruene-wiesbaden.de\/ar\/wp-json\/wp\/v2\/posts\/1647","targetHints":{"allow":["GET"]}}],"collection":[{"href":"https:\/\/gruene-wiesbaden.de\/ar\/wp-json\/wp\/v2\/posts"}],"about":[{"href":"https:\/\/gruene-wiesbaden.de\/ar\/wp-json\/wp\/v2\/types\/post"}],"author":[{"embeddable":true,"href":"https:\/\/gruene-wiesbaden.de\/ar\/wp-json\/wp\/v2\/users\/1"}],"replies":[{"embeddable":true,"href":"https:\/\/gruene-wiesbaden.de\/ar\/wp-json\/wp\/v2\/comments?post=1647"}],"version-history":[{"count":4,"href":"https:\/\/gruene-wiesbaden.de\/ar\/wp-json\/wp\/v2\/posts\/1647\/revisions"}],"predecessor-version":[{"id":1653,"href":"https:\/\/gruene-wiesbaden.de\/ar\/wp-json\/wp\/v2\/posts\/1647\/revisions\/1653"}],"wp:featuredmedia":[{"embeddable":true,"href":"https:\/\/gruene-wiesbaden.de\/ar\/wp-json\/wp\/v2\/media\/1650"}],"wp:attachment":[{"href":"https:\/\/gruene-wiesbaden.de\/ar\/wp-json\/wp\/v2\/media?parent=1647"}],"wp:term":[{"taxonomy":"category","embeddable":true,"href":"https:\/\/gruene-wiesbaden.de\/ar\/wp-json\/wp\/v2\/categories?post=1647"},{"taxonomy":"post_tag","embeddable":true,"href":"https:\/\/gruene-wiesbaden.de\/ar\/wp-json\/wp\/v2\/tags?post=1647"}],"curies":[{"name":"wp","href":"https:\/\/api.w.org\/{rel}","templated":true}]}}